{"id":893,"date":"2016-10-26T23:00:22","date_gmt":"2016-10-27T01:00:22","guid":{"rendered":"http:\/\/eic.cefet-rj.br\/ppcic\/?p=893"},"modified":"2025-09-03T18:58:13","modified_gmt":"2025-09-03T21:58:13","slug":"proposta-cid-ciencia-de-dados-recebe-o-selo-inct","status":"publish","type":"post","link":"https:\/\/eic.cefet-rj.br\/ppcic\/proposta-cid-ciencia-de-dados-recebe-o-selo-inct\/","title":{"rendered":"Proposta CiD (Ci\u00eancia de Dados) recebeu o selo INCT"},"content":{"rendered":"<p>Instituto Nacional de Ci\u00eancia e Tecnologia em Ci\u00eancia de Dados (INCT-CiD), cujo projeto foi reconhecido pelo CNPq na Chamada INCT \u2013 MCTI\/CNPq\/CAPES\/FAPs no 16\/2014 e registrado sob o processo no. 465560\/2014-8. O INCT-CiD \u00e9 composto por 9 laborat\u00f3rios associados (LAs) com perfis distintos sediados em 5 estados diferentes (RJ, MG, PR, SP e CE) de 3 regi\u00f5es do pa\u00eds (SE, S, NE). A coordena\u00e7\u00e3o do INCT-CiD \u00e9 sediada no Laborat\u00f3rio Nacional de Computa\u00e7\u00e3o Cient\u00edfica (LNCC) e tem o CEFET\/RJ como um dos principais Laborat\u00f3rios Associados. As demais institui\u00e7\u00f5es parceiras s\u00e3o IME, UFC, UFJF, UFPR e UTFPR, al\u00e9m do Centro de Inova\u00e7\u00e3o Sueco-Brasileiro (CISB) e de uma startup chamada DBS2. Al\u00e9m dessa estrutura, h\u00e1 um conselho consultivo internacional formado por 7 pesquisadores de renome com perfis complementares de atua\u00e7\u00e3o no campo da ci\u00eancia de dados (4 sediados nos EUA, 2 na Europa e 1 no Brasil).<\/p>\n<p><img fetchpriority=\"high\" decoding=\"async\" src=\"http:\/\/eic.cefet-rj.br\/ppcic\/wp-content\/uploads\/2016\/10\/SeloINCT.png\" alt=\"\" width=\"509\" height=\"360\" \/><\/p>\n","protected":false},"excerpt":{"rendered":"<p>Instituto Nacional de Ci\u00eancia e Tecnologia em Ci\u00eancia de Dados (INCT-CiD), cujo projeto foi reconhecido pelo CNPq na Chamada INCT \u2013 MCTI\/CNPq\/CAPES\/FAPs no 16\/2014 e registrado sob o processo no. 465560\/2014-8. O INCT-CiD \u00e9 composto por 9 laborat\u00f3rios associados (LAs) com perfis distintos sediados em 5 estados diferentes (RJ, MG, PR, SP e CE) de [&hellip;]<\/p>\n","protected":false},"author":3,"featured_media":0,"comment_status":"closed","ping_status":"closed","sticky":false,"template":"","format":"standard","meta":{"_monsterinsights_skip_tracking":false,"_monsterinsights_sitenote_active":false,"_monsterinsights_sitenote_note":"","_monsterinsights_sitenote_category":0,"footnotes":""},"categories":[33],"tags":[],"class_list":["post-893","post","type-post","status-publish","format-standard","hentry","category-noticias-pt"],"_links":{"self":[{"href":"https:\/\/eic.cefet-rj.br\/ppcic\/wp-json\/wp\/v2\/posts\/893","targetHints":{"allow":["GET"]}}],"collection":[{"href":"https:\/\/eic.cefet-rj.br\/ppcic\/wp-json\/wp\/v2\/posts"}],"about":[{"href":"https:\/\/eic.cefet-rj.br\/ppcic\/wp-json\/wp\/v2\/types\/post"}],"author":[{"embeddable":true,"href":"https:\/\/eic.cefet-rj.br\/ppcic\/wp-json\/wp\/v2\/users\/3"}],"replies":[{"embeddable":true,"href":"https:\/\/eic.cefet-rj.br\/ppcic\/wp-json\/wp\/v2\/comments?post=893"}],"version-history":[{"count":4,"href":"https:\/\/eic.cefet-rj.br\/ppcic\/wp-json\/wp\/v2\/posts\/893\/revisions"}],"predecessor-version":[{"id":2092,"href":"https:\/\/eic.cefet-rj.br\/ppcic\/wp-json\/wp\/v2\/posts\/893\/revisions\/2092"}],"wp:attachment":[{"href":"https:\/\/eic.cefet-rj.br\/ppcic\/wp-json\/wp\/v2\/media?parent=893"}],"wp:term":[{"taxonomy":"category","embeddable":true,"href":"https:\/\/eic.cefet-rj.br\/ppcic\/wp-json\/wp\/v2\/categories?post=893"},{"taxonomy":"post_tag","embeddable":true,"href":"https:\/\/eic.cefet-rj.br\/ppcic\/wp-json\/wp\/v2\/tags?post=893"}],"curies":[{"name":"wp","href":"https:\/\/api.w.org\/{rel}","templated":true}]}}