{"id":822,"date":"2017-02-04T11:36:42","date_gmt":"2017-02-04T13:36:42","guid":{"rendered":"http:\/\/eic.cefet-rj.br\/ppcic\/?p=822"},"modified":"2025-09-03T18:56:49","modified_gmt":"2025-09-03T21:56:49","slug":"iii-jornada-de-ciencia-de-dados","status":"publish","type":"post","link":"https:\/\/eic.cefet-rj.br\/ppcic\/iii-jornada-de-ciencia-de-dados\/","title":{"rendered":"Jornada de Ci\u00eancia de Dados 2017"},"content":{"rendered":"<p>A Jornada em Ci\u00eancia de Dados ocorre anualmente ao longo do Programa de Ver\u00e3o no LNCC<\/p>\n<p>A jornada \u00e9 composta por tr\u00eas minicursos ofertados de 13 a 16 de fevereiro e pelo Workshop em Ci\u00eancia de Dados no dia 17 de fevereiro.<\/p>\n<hr \/>\n<p>MINICURSOS<\/p>\n<p>MC-CD01 &#8211; Ci\u00eancia de Redes<br \/>\nProfessor: Artur Ziviani &#8211; LNCC<br \/>\nHor\u00e1rio: 09:00 &#8211; 10:30<\/p>\n<p>MC-CD02 &#8211; An\u00e1lise de Dados<br \/>\nProfessor: Eduardo Ogasawara &#8211; CEFET-RJ<br \/>\nHor\u00e1rio: 11:00 &#8211; 12:30<\/p>\n<p>MC-CD03 &#8211; Ger\u00eancia de grandes volumes de dados<br \/>\nProfessor: Fabio Porto &#8211; LNCC<br \/>\nHor\u00e1rio: 13:30 &#8211; 15:00<\/p>\n<hr \/>\n<p>IV WORKSHOP EM CI\u00caNCIA DE DADOS<\/p>\n<p>Audit\u00f3rio B, LNCC\/MCTIC, Petr\u00f3polis, RJ, 17 de fevereiro de 2017<\/p>\n<p>Organiza\u00e7\u00e3o: Fabio Porto (LNCC), Eduardo Ogasawara (CEFET-RJ), Artur Ziviani (LNCC)<\/p>\n<table>\n<tbody>\n<tr>\n<td width=\"62\">09:15-09:30<\/td>\n<td width=\"402\">Abertura<br \/>\nArtur Ziviani (LNCC), Eduardo Ogasawara (CEFET-RJ) e Fabio Porto (LNCC)<\/td>\n<\/tr>\n<tr>\n<td width=\"62\">09:30-10:30Keynote 1<\/td>\n<td width=\"402\">Formas alternativas para acessar grafos RDF<br \/>\nMarco Casanova (PUC-Rio)<\/td>\n<\/tr>\n<tr>\n<td width=\"62\">10:30-11:00<\/td>\n<td width=\"402\">COFFEE BREAK<\/td>\n<\/tr>\n<tr>\n<td width=\"62\">11:00-12:00Palestras convidadas<\/td>\n<td width=\"402\">Extraindo Conhecimento a Partir das Intera\u00e7\u00f5es Sociais<br \/>\nJonice Oliveira (UFRJ)Using artificial intelligence to identify state secrets<br \/>\nRenato Rocha Souza (FGV)<\/td>\n<\/tr>\n<tr>\n<td width=\"62\">12:00-13:30<\/td>\n<td width=\"402\">ALMO\u00c7O<\/td>\n<\/tr>\n<tr>\n<td width=\"62\">13:30-14:30Keynote 2<\/td>\n<td width=\"402\">Implanta\u00e7\u00e3o, Potencialidades e Desafio do &#8220;Centro de Integra\u00e7\u00e3o de Dados e Conhecimentos para Sa\u00fade &#8211; CIDACS&#8221;<br \/>\nMaur\u00edcio Barreto (FIOCRUZ\/UFBA)<\/td>\n<\/tr>\n<tr>\n<td width=\"62\">14:30-15:30Palestras convidadas<\/td>\n<td width=\"402\">An\u00e1lise do Relacionamento na Comunidade de M\u00e9dicos de Seguradoras de Sa\u00fade<br \/>\nMarcia Ito (IBM Research)<br \/>\nRob\u00f3tica &amp; Educa\u00e7\u00e3o<br \/>\nJo\u00e3o Quadros (CEFET\/RJ)<\/td>\n<\/tr>\n<tr>\n<td width=\"62\">15:30-16:30<\/td>\n<td width=\"402\">COFFEE BREAK e NETWORKING<\/td>\n<\/tr>\n<\/tbody>\n<\/table>\n<p>Coordenadores<br \/>\nArtur Ziviani &#8211; Laborat\u00f3rio Nacional de Computa\u00e7\u00e3o Cient\u00edfica &#8211;\u00a0<a href=\"mailto:ziviani@lncc.br\">ziviani@lncc.br<\/a><br \/>\nF\u00e1bio Porto &#8211; Laborta\u00f3rio nacional de Computa\u00e7\u00e3o Cient\u00edfica<\/p>\n<p>Local:\u00a0Laborat\u00f3rio Nacional de Computa\u00e7\u00e3o Cient\u00edfica<\/p>\n<p>Endere\u00e7o:\u00a0Av. Get\u00falio Vargas, 333 &#8211; Quitandinha &#8211; Petr\u00f3polis\/RJ<\/p>\n<p>Contato<br \/>\nRoberta Machado &#8211; LNCC &#8211;\u00a0<a href=\"mailto:mroberta@lncc.br\">mroberta@lncc.br<\/a><\/p>\n<p>Telefone:\u00a024 22336150<\/p>\n","protected":false},"excerpt":{"rendered":"<p>A Jornada em Ci\u00eancia de Dados ocorre anualmente ao longo do Programa de Ver\u00e3o no LNCC A jornada \u00e9 composta por tr\u00eas minicursos ofertados de 13 a 16 de fevereiro e pelo Workshop em Ci\u00eancia de Dados no dia 17 de fevereiro. MINICURSOS MC-CD01 &#8211; Ci\u00eancia de Redes Professor: Artur Ziviani &#8211; LNCC Hor\u00e1rio: 09:00 [&hellip;]<\/p>\n","protected":false},"author":3,"featured_media":0,"comment_status":"closed","ping_status":"closed","sticky":false,"template":"","format":"standard","meta":{"_monsterinsights_skip_tracking":false,"_monsterinsights_sitenote_active":false,"_monsterinsights_sitenote_note":"","_monsterinsights_sitenote_category":0,"footnotes":""},"categories":[16,33],"tags":[],"class_list":["post-822","post","type-post","status-publish","format-standard","hentry","category-eventos","category-noticias-pt"],"_links":{"self":[{"href":"https:\/\/eic.cefet-rj.br\/ppcic\/wp-json\/wp\/v2\/posts\/822","targetHints":{"allow":["GET"]}}],"collection":[{"href":"https:\/\/eic.cefet-rj.br\/ppcic\/wp-json\/wp\/v2\/posts"}],"about":[{"href":"https:\/\/eic.cefet-rj.br\/ppcic\/wp-json\/wp\/v2\/types\/post"}],"author":[{"embeddable":true,"href":"https:\/\/eic.cefet-rj.br\/ppcic\/wp-json\/wp\/v2\/users\/3"}],"replies":[{"embeddable":true,"href":"https:\/\/eic.cefet-rj.br\/ppcic\/wp-json\/wp\/v2\/comments?post=822"}],"version-history":[{"count":16,"href":"https:\/\/eic.cefet-rj.br\/ppcic\/wp-json\/wp\/v2\/posts\/822\/revisions"}],"predecessor-version":[{"id":2976,"href":"https:\/\/eic.cefet-rj.br\/ppcic\/wp-json\/wp\/v2\/posts\/822\/revisions\/2976"}],"wp:attachment":[{"href":"https:\/\/eic.cefet-rj.br\/ppcic\/wp-json\/wp\/v2\/media?parent=822"}],"wp:term":[{"taxonomy":"category","embeddable":true,"href":"https:\/\/eic.cefet-rj.br\/ppcic\/wp-json\/wp\/v2\/categories?post=822"},{"taxonomy":"post_tag","embeddable":true,"href":"https:\/\/eic.cefet-rj.br\/ppcic\/wp-json\/wp\/v2\/tags?post=822"}],"curies":[{"name":"wp","href":"https:\/\/api.w.org\/{rel}","templated":true}]}}