{"id":613,"date":"2016-10-26T23:28:06","date_gmt":"2016-10-27T01:28:06","guid":{"rendered":"http:\/\/eic.cefet-rj.br\/ppcic\/?p=613"},"modified":"2025-09-03T18:58:10","modified_gmt":"2025-09-03T21:58:10","slug":"o-inct-do-e-universo-do-on-observatorio-nacional-recebera-financiamento-do-cnpq","status":"publish","type":"post","link":"https:\/\/eic.cefet-rj.br\/ppcic\/o-inct-do-e-universo-do-on-observatorio-nacional-recebera-financiamento-do-cnpq\/","title":{"rendered":"O INCT do e-Universo do ON &#8211; Observat\u00f3rio Nacional receber\u00e1 financiamento do CNPq"},"content":{"rendered":"<p>O INCT do e-Universo do ON &#8211; Observat\u00f3rio Nacional, coordenado por Luiz Alberto Nicolaci da Costa foi aprovado e receber\u00e1 financiamento do CNPq. Este INCT tem\u00a0o CEFET\/RJ como Laborat\u00f3rio Associado. O nosso LA \u00e9 representado pelo\u00a0Professor Eduardo Bezerra. O professor \u00e9 tamb\u00e9m dos membros do Comite Gestores do INCT e-Universo.<\/p>\n","protected":false},"excerpt":{"rendered":"<p>O INCT do e-Universo do ON &#8211; Observat\u00f3rio Nacional, coordenado por Luiz Alberto Nicolaci da Costa foi aprovado e receber\u00e1 financiamento do CNPq. Este INCT tem\u00a0o CEFET\/RJ como Laborat\u00f3rio Associado. O nosso LA \u00e9 representado pelo\u00a0Professor Eduardo Bezerra. O professor \u00e9 tamb\u00e9m dos membros do Comite Gestores do INCT e-Universo.<\/p>\n","protected":false},"author":3,"featured_media":0,"comment_status":"closed","ping_status":"closed","sticky":false,"template":"","format":"standard","meta":{"_monsterinsights_skip_tracking":false,"_monsterinsights_sitenote_active":false,"_monsterinsights_sitenote_note":"","_monsterinsights_sitenote_category":0,"footnotes":""},"categories":[33],"tags":[],"class_list":["post-613","post","type-post","status-publish","format-standard","hentry","category-noticias-pt"],"_links":{"self":[{"href":"https:\/\/eic.cefet-rj.br\/ppcic\/wp-json\/wp\/v2\/posts\/613","targetHints":{"allow":["GET"]}}],"collection":[{"href":"https:\/\/eic.cefet-rj.br\/ppcic\/wp-json\/wp\/v2\/posts"}],"about":[{"href":"https:\/\/eic.cefet-rj.br\/ppcic\/wp-json\/wp\/v2\/types\/post"}],"author":[{"embeddable":true,"href":"https:\/\/eic.cefet-rj.br\/ppcic\/wp-json\/wp\/v2\/users\/3"}],"replies":[{"embeddable":true,"href":"https:\/\/eic.cefet-rj.br\/ppcic\/wp-json\/wp\/v2\/comments?post=613"}],"version-history":[{"count":4,"href":"https:\/\/eic.cefet-rj.br\/ppcic\/wp-json\/wp\/v2\/posts\/613\/revisions"}],"predecessor-version":[{"id":2130,"href":"https:\/\/eic.cefet-rj.br\/ppcic\/wp-json\/wp\/v2\/posts\/613\/revisions\/2130"}],"wp:attachment":[{"href":"https:\/\/eic.cefet-rj.br\/ppcic\/wp-json\/wp\/v2\/media?parent=613"}],"wp:term":[{"taxonomy":"category","embeddable":true,"href":"https:\/\/eic.cefet-rj.br\/ppcic\/wp-json\/wp\/v2\/categories?post=613"},{"taxonomy":"post_tag","embeddable":true,"href":"https:\/\/eic.cefet-rj.br\/ppcic\/wp-json\/wp\/v2\/tags?post=613"}],"curies":[{"name":"wp","href":"https:\/\/api.w.org\/{rel}","templated":true}]}}