{"id":5969,"date":"2025-02-10T20:53:40","date_gmt":"2025-02-10T23:53:40","guid":{"rendered":"https:\/\/eic.cefet-rj.br\/ppcic\/?p=5969"},"modified":"2025-10-06T15:13:12","modified_gmt":"2025-10-06T18:13:12","slug":"defesa-de-dissertacao-18-02-2025-vinicius-soares-dos-santos","status":"publish","type":"post","link":"https:\/\/eic.cefet-rj.br\/ppcic\/defesa-de-dissertacao-18-02-2025-vinicius-soares-dos-santos\/","title":{"rendered":"Defesa de disserta\u00e7\u00e3o (18\/02\/2025): Vin\u00edcius Soares dos Santos"},"content":{"rendered":"<p><strong>Discente:<\/strong> Vin\u00edcius Soares dos Santos<\/p>\n<p><strong>T\u00edtulo:<\/strong> O discurso de \u00f3dio homof\u00f3bico na rede social X: uma proposta de m\u00e9todo de classifica\u00e7\u00e3o de textos<\/p>\n<p><strong>Orientadores:<\/strong> Gustavo Paiva Guedes e Silva<\/p>\n<p><strong>Banca:<\/strong> Gustavo Paiva Guedes e Silva (CEFET\/RJ), Eduardo Soares Ogasawara (CEFET\/RJ) e Ronaldo Ribeiro Goldschmidt (IME-RJ)<\/p>\n<p><strong>Dia\/hora:<\/strong> 18 de fevereiro de 2025 (ter\u00e7a-feira), \u00e0s 9am.<\/p>\n<p><strong>Local:<\/strong>\u00a0<a href=\"https:\/\/teams.microsoft.com\/l\/meetup-join\/19%3a4cbd120df05b43949b90efb47e9cf36b%40thread.tacv2\/1739190003519?context=%7b%22Tid%22%3a%228eeca404-a47d-4555-a2d4-0f3619041c9c%22%2c%22Oid%22%3a%22d455e339-d958-4321-a959-bda8d1ea2337%22%7d\">https:\/\/teams.microsoft.com\/l\/meetup-join\/19%3a4cbd120df05b43949b90efb47e9cf36b%40thread.tacv2\/1739190003519?context=%7b%22Tid%22%3a%228eeca404-a47d-4555-a2d4-0f3619041c9c%22%2c%22Oid%22%3a%22d455e339-d958-4321-a959-bda8d1ea2337%22%7d<\/a><\/p>\n<p><strong>Resumo:<\/strong> O discurso de \u00f3dio homof\u00f3bico trata-se da a\u00e7\u00e3o ou incitamento ao \u00f3dio, \u00e0 discrimina\u00e7\u00e3o ou \u00e0 hostiliza\u00e7\u00e3o de um indiv\u00edduo, motivado por um preconceito contra pessoas de orienta\u00e7\u00e3o sexual l\u00e9sbicas, gays, bissexuais, transexuais e travestis (LGBT). A homofobia foi criminalizada por meio de a\u00e7\u00e3o no STF do Brasil. Este trabalho prop\u00f5e um m\u00e9todo de identifica\u00e7\u00e3o autom\u00e1tica do discurso de \u00f3dio homof\u00f3bico, alinhado aos Objetivos de Desenvolvimento Sustent\u00e1vel (ODS), especialmente \u00e0 ODS 10, que enfatiza a promo\u00e7\u00e3o da inclus\u00e3o social, econ\u00f4mica e pol\u00edtica de todos, sem distin\u00e7\u00e3o de orienta\u00e7\u00e3o sexual ou qualquer outra condi\u00e7\u00e3o. Os objetivos espec\u00edficos s\u00e3o a cria\u00e7\u00e3o de um l\u00e9xico homof\u00f3bico LEX-HOMOFENSA-PT e a cria\u00e7\u00e3o de uma base de dados de textos extra\u00eddos de tweets rotulados por humanos TEXT-HOMOFENSA-PT. A presente pesquisa foi submetida ao Comit\u00ea de \u00c9tica em Pesquisa (CEP), subordinado ao Minist\u00e9rio da Sa\u00fade do Brasil, recebendo a aprova\u00e7\u00e3o para sua realiza\u00e7\u00e3o sob o certificado 59293922.0.0000.5289. Ao final, avaliou-se a aplica\u00e7\u00e3o de modelos de classifica\u00e7\u00e3o ao dataset TEXT-HOMOFENSA-PT, classificadores tradicionais, LR, SVM, KNN, DT e NB; classificadores ensemble, RF, AB e GB; redes neurais artificiais, CNN e MLP; LLM, BERT e RoBERTa. O modelo LR obteve o melhor desempenho, com uma Precis\u00e3o de 85,37%, uma Revoca\u00e7\u00e3o de 85,30% e F-measure de 85,30%.<\/p>\n","protected":false},"excerpt":{"rendered":"<p>Discente: Vin\u00edcius Soares dos Santos T\u00edtulo: O discurso de \u00f3dio homof\u00f3bico na rede social X: uma proposta de m\u00e9todo de classifica\u00e7\u00e3o de textos Orientadores: Gustavo Paiva Guedes e Silva Banca: Gustavo Paiva Guedes e Silva (CEFET\/RJ), Eduardo Soares Ogasawara (CEFET\/RJ) e Ronaldo Ribeiro Goldschmidt (IME-RJ) Dia\/hora: 18 de fevereiro de 2025 (ter\u00e7a-feira), \u00e0s 9am. Local:\u00a0https:\/\/teams.microsoft.com\/l\/meetup-join\/19%3a4cbd120df05b43949b90efb47e9cf36b%40thread.tacv2\/1739190003519?context=%7b%22Tid%22%3a%228eeca404-a47d-4555-a2d4-0f3619041c9c%22%2c%22Oid%22%3a%22d455e339-d958-4321-a959-bda8d1ea2337%22%7d [&hellip;]<\/p>\n","protected":false},"author":7,"featured_media":0,"comment_status":"closed","ping_status":"closed","sticky":false,"template":"","format":"standard","meta":{"_monsterinsights_skip_tracking":false,"_monsterinsights_sitenote_active":false,"_monsterinsights_sitenote_note":"","_monsterinsights_sitenote_category":0,"footnotes":""},"categories":[14,33],"tags":[],"class_list":["post-5969","post","type-post","status-publish","format-standard","hentry","category-defesas","category-noticias-pt"],"_links":{"self":[{"href":"https:\/\/eic.cefet-rj.br\/ppcic\/wp-json\/wp\/v2\/posts\/5969","targetHints":{"allow":["GET"]}}],"collection":[{"href":"https:\/\/eic.cefet-rj.br\/ppcic\/wp-json\/wp\/v2\/posts"}],"about":[{"href":"https:\/\/eic.cefet-rj.br\/ppcic\/wp-json\/wp\/v2\/types\/post"}],"author":[{"embeddable":true,"href":"https:\/\/eic.cefet-rj.br\/ppcic\/wp-json\/wp\/v2\/users\/7"}],"replies":[{"embeddable":true,"href":"https:\/\/eic.cefet-rj.br\/ppcic\/wp-json\/wp\/v2\/comments?post=5969"}],"version-history":[{"count":4,"href":"https:\/\/eic.cefet-rj.br\/ppcic\/wp-json\/wp\/v2\/posts\/5969\/revisions"}],"predecessor-version":[{"id":6271,"href":"https:\/\/eic.cefet-rj.br\/ppcic\/wp-json\/wp\/v2\/posts\/5969\/revisions\/6271"}],"wp:attachment":[{"href":"https:\/\/eic.cefet-rj.br\/ppcic\/wp-json\/wp\/v2\/media?parent=5969"}],"wp:term":[{"taxonomy":"category","embeddable":true,"href":"https:\/\/eic.cefet-rj.br\/ppcic\/wp-json\/wp\/v2\/categories?post=5969"},{"taxonomy":"post_tag","embeddable":true,"href":"https:\/\/eic.cefet-rj.br\/ppcic\/wp-json\/wp\/v2\/tags?post=5969"}],"curies":[{"name":"wp","href":"https:\/\/api.w.org\/{rel}","templated":true}]}}