{"id":4725,"date":"2022-07-26T01:19:35","date_gmt":"2022-07-26T04:19:35","guid":{"rendered":"https:\/\/eic.cefet-rj.br\/ppcic\/?p=4725"},"modified":"2025-09-03T18:46:31","modified_gmt":"2025-09-03T21:46:31","slug":"chamada-interna-para-realizacao-de-mestrado-em-cotutela-com-ipb-2022","status":"publish","type":"post","link":"https:\/\/eic.cefet-rj.br\/ppcic\/chamada-interna-para-realizacao-de-mestrado-em-cotutela-com-ipb-2022\/","title":{"rendered":"Chamada interna para realiza\u00e7\u00e3o de mestrado em cotutela com IPB &#8211; 2022"},"content":{"rendered":"<p>Os pedidos para sele\u00e7\u00e3o de discente do PPCIC para realiza\u00e7\u00e3o de mestrado em cotutela com o Instituto Polit\u00e9cnico de Bragan\u00e7a (IPB) poder\u00e3o ser enviados de <strong>01 de agosto at\u00e9 30 de setembro de 2022<\/strong>.<\/p>\n<p>Os(as) discentes que cursarem o mestrado nesta modalidade ter\u00e3o diploma de mestre tanto pelo CEFET\/RJ quanto pelo IPB.<\/p>\n<div><a href=\"https:\/\/eic.cefet-rj.br\/ppcic\/wp-content\/uploads\/2022\/07\/Chamada_Cotutela-2022.1.pdf\">Mais informa\u00e7\u00f5es da chamada aqui<\/a>.<\/div>\n<div><\/div>\n<div><\/div>\n","protected":false},"excerpt":{"rendered":"<p>Os pedidos para sele\u00e7\u00e3o de discente do PPCIC para realiza\u00e7\u00e3o de mestrado em cotutela com o Instituto Polit\u00e9cnico de Bragan\u00e7a (IPB) poder\u00e3o ser enviados de 01 de agosto at\u00e9 30 de setembro de 2022. Os(as) discentes que cursarem o mestrado nesta modalidade ter\u00e3o diploma de mestre tanto pelo CEFET\/RJ quanto pelo IPB. Mais informa\u00e7\u00f5es da [&hellip;]<\/p>\n","protected":false},"author":4,"featured_media":0,"comment_status":"closed","ping_status":"closed","sticky":false,"template":"","format":"standard","meta":{"_monsterinsights_skip_tracking":false,"_monsterinsights_sitenote_active":false,"_monsterinsights_sitenote_note":"","_monsterinsights_sitenote_category":0,"footnotes":""},"categories":[22,33],"tags":[],"class_list":["post-4725","post","type-post","status-publish","format-standard","hentry","category-chamadas","category-noticias-pt"],"_links":{"self":[{"href":"https:\/\/eic.cefet-rj.br\/ppcic\/wp-json\/wp\/v2\/posts\/4725","targetHints":{"allow":["GET"]}}],"collection":[{"href":"https:\/\/eic.cefet-rj.br\/ppcic\/wp-json\/wp\/v2\/posts"}],"about":[{"href":"https:\/\/eic.cefet-rj.br\/ppcic\/wp-json\/wp\/v2\/types\/post"}],"author":[{"embeddable":true,"href":"https:\/\/eic.cefet-rj.br\/ppcic\/wp-json\/wp\/v2\/users\/4"}],"replies":[{"embeddable":true,"href":"https:\/\/eic.cefet-rj.br\/ppcic\/wp-json\/wp\/v2\/comments?post=4725"}],"version-history":[{"count":3,"href":"https:\/\/eic.cefet-rj.br\/ppcic\/wp-json\/wp\/v2\/posts\/4725\/revisions"}],"predecessor-version":[{"id":4731,"href":"https:\/\/eic.cefet-rj.br\/ppcic\/wp-json\/wp\/v2\/posts\/4725\/revisions\/4731"}],"wp:attachment":[{"href":"https:\/\/eic.cefet-rj.br\/ppcic\/wp-json\/wp\/v2\/media?parent=4725"}],"wp:term":[{"taxonomy":"category","embeddable":true,"href":"https:\/\/eic.cefet-rj.br\/ppcic\/wp-json\/wp\/v2\/categories?post=4725"},{"taxonomy":"post_tag","embeddable":true,"href":"https:\/\/eic.cefet-rj.br\/ppcic\/wp-json\/wp\/v2\/tags?post=4725"}],"curies":[{"name":"wp","href":"https:\/\/api.w.org\/{rel}","templated":true}]}}