{"id":4457,"date":"2021-12-06T18:54:23","date_gmt":"2021-12-06T21:54:23","guid":{"rendered":"https:\/\/eic.cefet-rj.br\/ppcic\/?p=4457"},"modified":"2025-09-03T18:46:53","modified_gmt":"2025-09-03T21:46:53","slug":"chamada-interna-para-realizacao-de-mestrado-em-cotutela-com-ipb","status":"publish","type":"post","link":"https:\/\/eic.cefet-rj.br\/ppcic\/chamada-interna-para-realizacao-de-mestrado-em-cotutela-com-ipb\/","title":{"rendered":"Chamada interna para realiza\u00e7\u00e3o de mestrado em cotutela com IPB &#8211; 2021"},"content":{"rendered":"<p>Os pedidos para sele\u00e7\u00e3o de discente do PPCIC para realiza\u00e7\u00e3o de mestrado em cotutela com o Instituto Polit\u00e9cnico de Bragan\u00e7a (IPB) poder\u00e3o ser enviados de 10 de dezembro de 2021 at\u00e9 16 de janeiro de 2022.<\/p>\n<p>Os(as) discentes que cursarem o mestrado nesta modalidade ter\u00e3o diploma de mestre tanto pelo CEFET\/RJ quanto pelo IPB.<\/p>\n<div><a href=\"https:\/\/eic.cefet-rj.br\/ppcic\/wp-content\/uploads\/2021\/12\/Chamada_Cotutela-2021.1.pdf\">Mais informa\u00e7\u00f5es da chamada aqui<\/a>.<\/div>\n<div><\/div>\n<h1><\/h1>\n","protected":false},"excerpt":{"rendered":"<p>Os pedidos para sele\u00e7\u00e3o de discente do PPCIC para realiza\u00e7\u00e3o de mestrado em cotutela com o Instituto Polit\u00e9cnico de Bragan\u00e7a (IPB) poder\u00e3o ser enviados de 10 de dezembro de 2021 at\u00e9 16 de janeiro de 2022. Os(as) discentes que cursarem o mestrado nesta modalidade ter\u00e3o diploma de mestre tanto pelo CEFET\/RJ quanto pelo IPB. Mais [&hellip;]<\/p>\n","protected":false},"author":4,"featured_media":0,"comment_status":"closed","ping_status":"closed","sticky":false,"template":"","format":"standard","meta":{"_monsterinsights_skip_tracking":false,"_monsterinsights_sitenote_active":false,"_monsterinsights_sitenote_note":"","_monsterinsights_sitenote_category":0,"footnotes":""},"categories":[22,33],"tags":[],"class_list":["post-4457","post","type-post","status-publish","format-standard","hentry","category-chamadas","category-noticias-pt"],"_links":{"self":[{"href":"https:\/\/eic.cefet-rj.br\/ppcic\/wp-json\/wp\/v2\/posts\/4457","targetHints":{"allow":["GET"]}}],"collection":[{"href":"https:\/\/eic.cefet-rj.br\/ppcic\/wp-json\/wp\/v2\/posts"}],"about":[{"href":"https:\/\/eic.cefet-rj.br\/ppcic\/wp-json\/wp\/v2\/types\/post"}],"author":[{"embeddable":true,"href":"https:\/\/eic.cefet-rj.br\/ppcic\/wp-json\/wp\/v2\/users\/4"}],"replies":[{"embeddable":true,"href":"https:\/\/eic.cefet-rj.br\/ppcic\/wp-json\/wp\/v2\/comments?post=4457"}],"version-history":[{"count":5,"href":"https:\/\/eic.cefet-rj.br\/ppcic\/wp-json\/wp\/v2\/posts\/4457\/revisions"}],"predecessor-version":[{"id":4726,"href":"https:\/\/eic.cefet-rj.br\/ppcic\/wp-json\/wp\/v2\/posts\/4457\/revisions\/4726"}],"wp:attachment":[{"href":"https:\/\/eic.cefet-rj.br\/ppcic\/wp-json\/wp\/v2\/media?parent=4457"}],"wp:term":[{"taxonomy":"category","embeddable":true,"href":"https:\/\/eic.cefet-rj.br\/ppcic\/wp-json\/wp\/v2\/categories?post=4457"},{"taxonomy":"post_tag","embeddable":true,"href":"https:\/\/eic.cefet-rj.br\/ppcic\/wp-json\/wp\/v2\/tags?post=4457"}],"curies":[{"name":"wp","href":"https:\/\/api.w.org\/{rel}","templated":true}]}}