{"id":4343,"date":"2021-08-27T17:57:52","date_gmt":"2021-08-27T20:57:52","guid":{"rendered":"https:\/\/eic.cefet-rj.br\/ppcic\/?p=4343"},"modified":"2025-09-03T18:47:03","modified_gmt":"2025-09-03T21:47:03","slug":"projeto-aprovado-no-edital-meninas-e-mulheres-nas-ciencias","status":"publish","type":"post","link":"https:\/\/eic.cefet-rj.br\/ppcic\/projeto-aprovado-no-edital-meninas-e-mulheres-nas-ciencias\/","title":{"rendered":"Projeto aprovado no edital Meninas e Mulheres nas Ci\u00eancias da FAPERJ"},"content":{"rendered":"<p>A professora Rafaelli Coutinho teve o projeto &#8220;Meninas na Rob\u00f3tica&#8221; contemplado no edital Meninas e Mulheres nas Ci\u00eancias da FAPERJ, conforme <a href=\"http:\/\/www.faperj.br\/?id=4301.2.0\">resultado divulgado ontem (26) no site da Funda\u00e7\u00e3o<\/a>.<\/p>\n","protected":false},"excerpt":{"rendered":"<p>A professora Rafaelli Coutinho teve o projeto &#8220;Meninas na Rob\u00f3tica&#8221; contemplado no edital Meninas e Mulheres nas Ci\u00eancias da FAPERJ, conforme resultado divulgado ontem (26) no site da Funda\u00e7\u00e3o.<\/p>\n","protected":false},"author":4,"featured_media":0,"comment_status":"closed","ping_status":"closed","sticky":false,"template":"","format":"standard","meta":{"_monsterinsights_skip_tracking":false,"_monsterinsights_sitenote_active":false,"_monsterinsights_sitenote_note":"","_monsterinsights_sitenote_category":0,"footnotes":""},"categories":[33,18],"tags":[],"class_list":["post-4343","post","type-post","status-publish","format-standard","hentry","category-noticias-pt","category-premiacoes"],"_links":{"self":[{"href":"https:\/\/eic.cefet-rj.br\/ppcic\/wp-json\/wp\/v2\/posts\/4343","targetHints":{"allow":["GET"]}}],"collection":[{"href":"https:\/\/eic.cefet-rj.br\/ppcic\/wp-json\/wp\/v2\/posts"}],"about":[{"href":"https:\/\/eic.cefet-rj.br\/ppcic\/wp-json\/wp\/v2\/types\/post"}],"author":[{"embeddable":true,"href":"https:\/\/eic.cefet-rj.br\/ppcic\/wp-json\/wp\/v2\/users\/4"}],"replies":[{"embeddable":true,"href":"https:\/\/eic.cefet-rj.br\/ppcic\/wp-json\/wp\/v2\/comments?post=4343"}],"version-history":[{"count":1,"href":"https:\/\/eic.cefet-rj.br\/ppcic\/wp-json\/wp\/v2\/posts\/4343\/revisions"}],"predecessor-version":[{"id":4344,"href":"https:\/\/eic.cefet-rj.br\/ppcic\/wp-json\/wp\/v2\/posts\/4343\/revisions\/4344"}],"wp:attachment":[{"href":"https:\/\/eic.cefet-rj.br\/ppcic\/wp-json\/wp\/v2\/media?parent=4343"}],"wp:term":[{"taxonomy":"category","embeddable":true,"href":"https:\/\/eic.cefet-rj.br\/ppcic\/wp-json\/wp\/v2\/categories?post=4343"},{"taxonomy":"post_tag","embeddable":true,"href":"https:\/\/eic.cefet-rj.br\/ppcic\/wp-json\/wp\/v2\/tags?post=4343"}],"curies":[{"name":"wp","href":"https:\/\/api.w.org\/{rel}","templated":true}]}}