{"id":393,"date":"2016-04-25T12:11:36","date_gmt":"2016-04-25T15:11:36","guid":{"rendered":"http:\/\/eic.cefet-rj.br\/ppgcc\/?p=1"},"modified":"2025-09-03T18:58:30","modified_gmt":"2025-09-03T21:58:30","slug":"ola-mundo-2","status":"publish","type":"post","link":"https:\/\/eic.cefet-rj.br\/ppcic\/ola-mundo-2\/","title":{"rendered":"CEFET\/RJ teve aprova\u00e7\u00e3o da CAPES para cria\u00e7\u00e3o de Mestrado em Ci\u00eancia da Computa\u00e7\u00e3o"},"content":{"rendered":"<p>Nesta segunda-feira, 25\/04\/2016, o CEFET\/RJ teve aprovada\u00a0pela CAPES a proposta de\u00a0cria\u00e7\u00e3o de Mestrado em Ci\u00eancia da Computa\u00e7\u00e3o. Com a aprova\u00e7\u00e3o, o CEFET\/RJ passa a ter o Programa de P\u00f3s-Gradua\u00e7\u00e3o em Ci\u00eancia da Computa\u00e7\u00e3o. A aprova\u00e7\u00e3o \u00e9 fruto de um planejamento iniciado em 2012 quando foi criado o nosso Bacharelado em Ci\u00eancia da Computa\u00e7\u00e3o.<\/p>\n<p>O resultado pode ser visualizado em\u00a0<a href=\"http:\/\/capes.gov.br\/avaliacao\/entrada-no-snpg-propostas\/mestrado-e-ou-doutorado-academico\/resultados\" target=\"_blank\" rel=\"noopener\">http:\/\/capes.gov.br\/<wbr \/>avaliacao\/entrada-no-snpg-<wbr \/>propostas\/mestrado-e-ou-<wbr \/>doutorado-academico\/resultados<\/a><\/p>\n<p>Parab\u00e9ns a todos docentes envolvidos!<\/p>\n","protected":false},"excerpt":{"rendered":"<p>Nesta segunda-feira, 25\/04\/2016, o CEFET\/RJ teve aprovada\u00a0pela CAPES a proposta de\u00a0cria\u00e7\u00e3o de Mestrado em Ci\u00eancia da Computa\u00e7\u00e3o. Com a aprova\u00e7\u00e3o, o CEFET\/RJ passa a ter o Programa de P\u00f3s-Gradua\u00e7\u00e3o em Ci\u00eancia da Computa\u00e7\u00e3o. A aprova\u00e7\u00e3o \u00e9 fruto de um planejamento iniciado em 2012 quando foi criado o nosso Bacharelado em Ci\u00eancia da Computa\u00e7\u00e3o. O resultado [&hellip;]<\/p>\n","protected":false},"author":3,"featured_media":0,"comment_status":"open","ping_status":"open","sticky":false,"template":"","format":"standard","meta":{"_monsterinsights_skip_tracking":false,"_monsterinsights_sitenote_active":false,"_monsterinsights_sitenote_note":"","_monsterinsights_sitenote_category":0,"footnotes":""},"categories":[33],"tags":[],"class_list":["post-393","post","type-post","status-publish","format-standard","hentry","category-noticias-pt"],"_links":{"self":[{"href":"https:\/\/eic.cefet-rj.br\/ppcic\/wp-json\/wp\/v2\/posts\/393","targetHints":{"allow":["GET"]}}],"collection":[{"href":"https:\/\/eic.cefet-rj.br\/ppcic\/wp-json\/wp\/v2\/posts"}],"about":[{"href":"https:\/\/eic.cefet-rj.br\/ppcic\/wp-json\/wp\/v2\/types\/post"}],"author":[{"embeddable":true,"href":"https:\/\/eic.cefet-rj.br\/ppcic\/wp-json\/wp\/v2\/users\/3"}],"replies":[{"embeddable":true,"href":"https:\/\/eic.cefet-rj.br\/ppcic\/wp-json\/wp\/v2\/comments?post=393"}],"version-history":[{"count":3,"href":"https:\/\/eic.cefet-rj.br\/ppcic\/wp-json\/wp\/v2\/posts\/393\/revisions"}],"predecessor-version":[{"id":2133,"href":"https:\/\/eic.cefet-rj.br\/ppcic\/wp-json\/wp\/v2\/posts\/393\/revisions\/2133"}],"wp:attachment":[{"href":"https:\/\/eic.cefet-rj.br\/ppcic\/wp-json\/wp\/v2\/media?parent=393"}],"wp:term":[{"taxonomy":"category","embeddable":true,"href":"https:\/\/eic.cefet-rj.br\/ppcic\/wp-json\/wp\/v2\/categories?post=393"},{"taxonomy":"post_tag","embeddable":true,"href":"https:\/\/eic.cefet-rj.br\/ppcic\/wp-json\/wp\/v2\/tags?post=393"}],"curies":[{"name":"wp","href":"https:\/\/api.w.org\/{rel}","templated":true}]}}