{"id":3382,"date":"2020-07-28T11:15:12","date_gmt":"2020-07-28T14:15:12","guid":{"rendered":"https:\/\/eic.cefet-rj.br\/ppcic\/?p=3382"},"modified":"2025-09-03T18:51:35","modified_gmt":"2025-09-03T21:51:35","slug":"defesa-de-dissertacao-12-08-2020-aiquis-rodrigues-gomes","status":"publish","type":"post","link":"https:\/\/eic.cefet-rj.br\/ppcic\/defesa-de-dissertacao-12-08-2020-aiquis-rodrigues-gomes\/","title":{"rendered":"Defesa de disserta\u00e7\u00e3o (12\/08\/2020): A\u00edquis Rodrigues Gomes"},"content":{"rendered":"<p><strong>Discente:<\/strong> A\u00edquis Rodrigues Gomes<\/p>\n<p><strong>T\u00edtulo: <\/strong>Rumo \u00e0 Publica\u00e7\u00e3o de Dados Abertos Governamentais como Dados Abertos Ligados utilizando uma Abordagem baseada em Ontologias<\/p>\n<p><strong>Orientadora:<\/strong> Kele Teixeira Belloze<\/p>\n<p><strong>Banca:<\/strong> Kele Teixeira Belloze (presidente), Laura Silva de Assis (CEFET\/RJ) e Maria Claudia Reis Cavalcanti (IME)<\/p>\n<p><strong>Dia\/hora:<\/strong> 12 de agosto de 2020, \u00e0s 14h.<\/p>\n<p><strong>Sala remota: <a href=\"https:\/\/meet.google.com\/vmx-bzig-jbt?hs=122&amp;authuser=0\" target=\"_blank\" rel=\"noreferrer noopener\" data-saferedirecturl=\"https:\/\/www.google.com\/url?q=https:\/\/meet.google.com\/vmx-bzig-jbt?hs%3D122%26authuser%3D0&amp;source=gmail&amp;ust=1596918015643000&amp;usg=AFQjCNFVLS5fbDLv8pV40AcnxHqBV6e7XA\">meet.google.com\/vmx-<wbr \/>bzig-jbt<\/a><\/strong><\/p>\n<p><strong>Resumo:<\/strong><\/p>\n<p>Governos sao grandes produtores e publicadores de dados e t\u00eam buscado utiliz\u00e1-los como forma de aumentar a transparencia e gerar mais valor para a sociedade. No entanto, o n\u00edvel de maturidade na publica\u00e7\u00e3o de dados governamentais ainda \u00e9 baixo, o que resulta na publica\u00e7\u00e3o utilizando formatos que dificultam a conex\u00e3o com outros conjuntos de dados e a leitura por parte de maquinas, al\u00e9m de publica\u00e7\u00f5es que n\u00e3o<br \/>\ns\u00e3o realmente em formatos abertos. Dados Abertos Ligados constituem um conjunto de tecnologias e padr\u00f5es da web sem\u00e2ntica que permitem a liga\u00e7\u00e3o entre diferentes conjuntos de dados abertos publicados na web. Por interm\u00e9dio dos Dados Abertos Ligados, governos podem atingir alto grau de maturidade na publica\u00e7\u00e3o de dados utilizando um formato realmente aberto, que permite a leitura por m\u00e1quinas e que pode potencializar o valor gerado para a sociedade com iniciativas de dados. No entanto, existem algumas barreiras para a publica\u00e7\u00e3o dos dados utilizando essas tecnologias e padr\u00f5es. Uma dessas barreiras refere-se a falta de um guia para sua implementa\u00e7\u00e3o que possa direcionar, de maneira estruturada, os passos a serem seguidos para a publica\u00e7\u00e3o de um conjunto de dados como Dados Abertos Ligados. Nesse trabalho \u00e9 apresentada uma metodologia baseada no uso de ontologia para que conjuntos de dados publicados em formatos tradicionais possam ser publicados como<br \/>\nDados Abertos Ligados. A metodologia \u00e9 composta por quatro etapas: (i) identifica\u00e7\u00e3o, an\u00e1lise e integra\u00e7\u00e3o dos dados; (ii) desenvolvimento da ontologia; (iii) publica\u00e7\u00e3o dos dados como Dados Abertos Ligados; e (iv) publica\u00e7\u00e3o de endpoint SPARQL. Dois experimentos utilizando conjuntos de dados governamentais reais dos dom\u00ednios eleitoral e da sa\u00fade foram realizados seguindo a metodologia proposta. Como resultados houve a produ\u00e7\u00e3o de duas ontologias, sobre as elei\u00e7\u00f5es brasileiras e sobre as Unidades B\u00e1sicas de Sa\u00fade em funcionamento no Brasil, e a disponibiliza\u00e7\u00e3o dos dois conjuntos de dados referentes a essas ontologias em arquivos RDF com alguns dos recursos ligados a outros conjuntos de dados. Com os experimentos foi poss\u00edvel comprovar que por meio de um processo estruturado e poss\u00edvel evoluir na publica\u00e7\u00e3o de dados abertos e que os passos propostos podem ser aplicados independente do dom\u00ednio dos dados.<\/p>\n<div><a href=\"https:\/\/sucupira.capes.gov.br\/sucupira\/public\/consultas\/coleta\/trabalhoConclusao\/viewTrabalhoConclusao.jsf?popup=true&amp;id_trabalho=10252428\"><img decoding=\"async\" class=\"alignnone wp-image-3271\" src=\"https:\/\/eic.cefet-rj.br\/ppcic\/wp-content\/uploads\/2018\/05\/logo-sucupira.png\" alt=\"\" width=\"81\" height=\"29\" \/><\/a><\/div>\n<div><strong>Disserta\u00e7\u00e3o <\/strong><a href=\"https:\/\/eic.cefet-rj.br\/ppcic\/wp-content\/uploads\/2020\/07\/22-Aiquis-Rodrigues-Gomes.pdf\"><img decoding=\"async\" class=\"alignnone wp-image-3273\" style=\"-webkit-text-stroke: 0.15px;\" src=\"https:\/\/eic.cefet-rj.br\/ppcic\/wp-content\/uploads\/2018\/05\/download-logo2.png\" alt=\"\" width=\"15\" height=\"14\" srcset=\"https:\/\/eic.cefet-rj.br\/ppcic\/wp-content\/uploads\/2018\/05\/download-logo2.png 222w, https:\/\/eic.cefet-rj.br\/ppcic\/wp-content\/uploads\/2018\/05\/download-logo2-150x150.png 150w\" sizes=\"(max-width: 15px) 100vw, 15px\" \/><\/a><\/div>\n","protected":false},"excerpt":{"rendered":"<p>Discente: A\u00edquis Rodrigues Gomes T\u00edtulo: Rumo \u00e0 Publica\u00e7\u00e3o de Dados Abertos Governamentais como Dados Abertos Ligados utilizando uma Abordagem baseada em Ontologias Orientadora: Kele Teixeira Belloze Banca: Kele Teixeira Belloze (presidente), Laura Silva de Assis (CEFET\/RJ) e Maria Claudia Reis Cavalcanti (IME) Dia\/hora: 12 de agosto de 2020, \u00e0s 14h. Sala remota: meet.google.com\/vmx-bzig-jbt Resumo: Governos [&hellip;]<\/p>\n","protected":false},"author":4,"featured_media":0,"comment_status":"closed","ping_status":"closed","sticky":false,"template":"","format":"standard","meta":{"_monsterinsights_skip_tracking":false,"_monsterinsights_sitenote_active":false,"_monsterinsights_sitenote_note":"","_monsterinsights_sitenote_category":0,"footnotes":""},"categories":[14,33],"tags":[],"class_list":["post-3382","post","type-post","status-publish","format-standard","hentry","category-defesas","category-noticias-pt"],"_links":{"self":[{"href":"https:\/\/eic.cefet-rj.br\/ppcic\/wp-json\/wp\/v2\/posts\/3382","targetHints":{"allow":["GET"]}}],"collection":[{"href":"https:\/\/eic.cefet-rj.br\/ppcic\/wp-json\/wp\/v2\/posts"}],"about":[{"href":"https:\/\/eic.cefet-rj.br\/ppcic\/wp-json\/wp\/v2\/types\/post"}],"author":[{"embeddable":true,"href":"https:\/\/eic.cefet-rj.br\/ppcic\/wp-json\/wp\/v2\/users\/4"}],"replies":[{"embeddable":true,"href":"https:\/\/eic.cefet-rj.br\/ppcic\/wp-json\/wp\/v2\/comments?post=3382"}],"version-history":[{"count":17,"href":"https:\/\/eic.cefet-rj.br\/ppcic\/wp-json\/wp\/v2\/posts\/3382\/revisions"}],"predecessor-version":[{"id":4007,"href":"https:\/\/eic.cefet-rj.br\/ppcic\/wp-json\/wp\/v2\/posts\/3382\/revisions\/4007"}],"wp:attachment":[{"href":"https:\/\/eic.cefet-rj.br\/ppcic\/wp-json\/wp\/v2\/media?parent=3382"}],"wp:term":[{"taxonomy":"category","embeddable":true,"href":"https:\/\/eic.cefet-rj.br\/ppcic\/wp-json\/wp\/v2\/categories?post=3382"},{"taxonomy":"post_tag","embeddable":true,"href":"https:\/\/eic.cefet-rj.br\/ppcic\/wp-json\/wp\/v2\/tags?post=3382"}],"curies":[{"name":"wp","href":"https:\/\/api.w.org\/{rel}","templated":true}]}}