{"id":2639,"date":"2019-08-15T18:05:59","date_gmt":"2019-08-15T21:05:59","guid":{"rendered":"https:\/\/eic.cefet-rj.br\/ppcic\/?p=2639"},"modified":"2025-09-03T18:54:32","modified_gmt":"2025-09-03T21:54:32","slug":"projeto-aprovado-no-edital-no-01-2019-do-ecg-tce-rj","status":"publish","type":"post","link":"https:\/\/eic.cefet-rj.br\/ppcic\/projeto-aprovado-no-edital-no-01-2019-do-ecg-tce-rj\/","title":{"rendered":"Projeto aprovado no Edital n\u00ba 01\/2019 do ECG\/TCE-RJ"},"content":{"rendered":"<p>Os professores Eduardo Bezerra e Leonardo Lima, juntamente com o discente do PPCIC Wellington Souza Amaral e pesquisador externo tiveram projeto sob t\u00edtulo &#8220;Classifica\u00e7\u00e3o automatizada de produtos da nota fiscal eletr\u00f4nica de compras p\u00fablicas&#8221; aprovado no Programa de pesquisa da Escola de Contas e Gest\u00e3o do Tribunal de Contas do Estado do Rio de Janeiro (ECG\/TCE-RJ) para Edital n\u00ba 01\/2019. O programa de pesquisa da ECG\/TCE-RJ tem como principal finalidade a promo\u00e7\u00e3o de estudos e pesquisas na \u00e1rea da administra\u00e7\u00e3o p\u00fablica.\u00a0 Os projetos selecionados visam gerar contribui\u00e7\u00f5es para o aprimoramento da gest\u00e3o p\u00fablica, bem como dos procedimentos de trabalho do TCE-RJ.<\/p>\n<p>O projeto aprovado objetiva desenvolver um modelo computacional para classificar bens e produtos adquiridos em compras p\u00fablicas.<\/p>\n<p>Tal solu\u00e7\u00e3o consiste no desenvolvimento de um modelo computacional \u00a0que, a partir de bases de dados dispon\u00edveis, como os das notas fiscais eletr\u00f4nicas, seja capaz de reunir em uma mesma categoria ou grupo, ocorr\u00eancias de aquisi\u00e7\u00f5es de bens, produtos e servi\u00e7os de mesma natureza a ponto de viabilizar procedimentos anal\u00edticos confi\u00e1veis que resultem, por exemplo:<\/p>\n<ul>\n<li><span style=\"-webkit-text-stroke: 0.15px;\">Na forma\u00e7\u00e3o de um banco de pre\u00e7os confi\u00e1vel que possa ser utilizado como refer\u00eancia em processos de aquisi\u00e7\u00e3o e de an\u00e1lise de economicidade;<\/span><\/li>\n<li><span style=\"-webkit-text-stroke: 0.15px;\">Na elabora\u00e7\u00e3o de perfis de aquisi\u00e7\u00e3o (tanto do ponto de vista quantitativo quanto qualitativo) de jurisdicionados que permitir\u00e3o aos \u00f3rg\u00e3os de controle monitorar e identificar eventuais desvios em rela\u00e7\u00e3o a padr\u00f5es de aquisi\u00e7\u00e3o hist\u00f3ricos ou de \u00f3rg\u00e3os similares;<\/span><\/li>\n<li><span style=\"-webkit-text-stroke: 0.15px;\">Na melhoria dos procedimentos de identifica\u00e7\u00e3o de ind\u00edcios de fracionamento de despesas;\u00a0<\/span><\/li>\n<li><span style=\"-webkit-text-stroke: 0.15px;\">Na eventual publiciza\u00e7\u00e3o dos resultados produzidos pelo modelo computacional visando ao aprimoramento e ao est\u00edmulo do controle social em fun\u00e7\u00e3o do enriquecimento e da melhoria de qualidade dos dados abertos governamentais relacionados aos gastos p\u00fablicos;<\/span><\/li>\n<\/ul>\n<p>Com o uso da Minera\u00e7\u00e3o de dados pretende-se desenvolver uma metodologia para agrupar e classificar os bens e produtos adquiridos por \u00f3rg\u00e3os da administra\u00e7\u00e3o p\u00fablica a fim de aumentar a capacidade anal\u00edtica dos \u00f3rg\u00e3os de Controle.<\/p>\n","protected":false},"excerpt":{"rendered":"<p>Os professores Eduardo Bezerra e Leonardo Lima, juntamente com o discente do PPCIC Wellington Souza Amaral e pesquisador externo tiveram projeto sob t\u00edtulo &#8220;Classifica\u00e7\u00e3o automatizada de produtos da nota fiscal eletr\u00f4nica de compras p\u00fablicas&#8221; aprovado no Programa de pesquisa da Escola de Contas e Gest\u00e3o do Tribunal de Contas do Estado do Rio de Janeiro [&hellip;]<\/p>\n","protected":false},"author":3,"featured_media":0,"comment_status":"closed","ping_status":"closed","sticky":false,"template":"","format":"standard","meta":{"_monsterinsights_skip_tracking":false,"_monsterinsights_sitenote_active":false,"_monsterinsights_sitenote_note":"","_monsterinsights_sitenote_category":0,"footnotes":""},"categories":[33,18],"tags":[],"class_list":["post-2639","post","type-post","status-publish","format-standard","hentry","category-noticias-pt","category-premiacoes"],"_links":{"self":[{"href":"https:\/\/eic.cefet-rj.br\/ppcic\/wp-json\/wp\/v2\/posts\/2639","targetHints":{"allow":["GET"]}}],"collection":[{"href":"https:\/\/eic.cefet-rj.br\/ppcic\/wp-json\/wp\/v2\/posts"}],"about":[{"href":"https:\/\/eic.cefet-rj.br\/ppcic\/wp-json\/wp\/v2\/types\/post"}],"author":[{"embeddable":true,"href":"https:\/\/eic.cefet-rj.br\/ppcic\/wp-json\/wp\/v2\/users\/3"}],"replies":[{"embeddable":true,"href":"https:\/\/eic.cefet-rj.br\/ppcic\/wp-json\/wp\/v2\/comments?post=2639"}],"version-history":[{"count":2,"href":"https:\/\/eic.cefet-rj.br\/ppcic\/wp-json\/wp\/v2\/posts\/2639\/revisions"}],"predecessor-version":[{"id":3056,"href":"https:\/\/eic.cefet-rj.br\/ppcic\/wp-json\/wp\/v2\/posts\/2639\/revisions\/3056"}],"wp:attachment":[{"href":"https:\/\/eic.cefet-rj.br\/ppcic\/wp-json\/wp\/v2\/media?parent=2639"}],"wp:term":[{"taxonomy":"category","embeddable":true,"href":"https:\/\/eic.cefet-rj.br\/ppcic\/wp-json\/wp\/v2\/categories?post=2639"},{"taxonomy":"post_tag","embeddable":true,"href":"https:\/\/eic.cefet-rj.br\/ppcic\/wp-json\/wp\/v2\/tags?post=2639"}],"curies":[{"name":"wp","href":"https:\/\/api.w.org\/{rel}","templated":true}]}}