{"id":1633,"date":"2018-08-10T13:30:01","date_gmt":"2018-08-10T16:30:01","guid":{"rendered":"http:\/\/eic.cefet-rj.br\/ppcic\/?p=1633"},"modified":"2025-09-03T18:55:22","modified_gmt":"2025-09-03T21:55:22","slug":"poscomp-2018","status":"publish","type":"post","link":"https:\/\/eic.cefet-rj.br\/ppcic\/poscomp-2018\/","title":{"rendered":"Poscomp 2018"},"content":{"rendered":"<p><a href=\"http:\/\/Maiores informa\u00e7\u00e3o em https:\/\/www.fundatec.org.br\/portal\/concursos\/index_concursos.php?concurso=471\"><img decoding=\"async\" class=\"aligncenter\" src=\"http:\/\/eic.cefet-rj.br\/ppcic\/wp-content\/uploads\/2018\/08\/Banner-carrossel-300x74.jpg\" alt=\"\" width=\"300\" height=\"74\" \/><\/a><\/p>\n<p>O Exame Nacional para Ingresso na P\u00f3s-Gradua\u00e7\u00e3o em Computa\u00e7\u00e3o (POSCOMP) \u00e9 um exame aplicado em todas as regi\u00f5es do Pa\u00eds. O POSCOMP testa conhecimentos na \u00e1rea de Computa\u00e7\u00e3o e tem como objetivo espec\u00edfico avaliar os conhecimentos de candidatos a Programas de P\u00f3s-Gradua\u00e7\u00e3o em Computa\u00e7\u00e3o oferecidos no Brasil. A grande maioria dos Programas de P\u00f3s-Gradua\u00e7\u00e3o no Pa\u00eds utiliza, de alguma forma, o resultado do POSCOMP em seu processo seletivo.<\/p>\n<p>O POSCOMP foi concebido para permitir que os candidatos a cursar Programas de P\u00f3s-Gradua\u00e7\u00e3o em Computa\u00e7\u00e3o possam participar dos processos seletivos em v\u00e1rios Programas no Pa\u00eds, sem a necessidade de deslocamento para a sede de cada um dos Programas postulados pelo candidato, cumprindo assim um forte papel de inclus\u00e3o social.<\/p>\n<p>O per\u00edodo de inscri\u00e7\u00f5es para o POSCOMP 2018 pela internet, a partir do site www.fundatec.org.br at\u00e9 13\/08\/2018. A prova ocorrer\u00e1 em 23\/09\/2018. No Rio de Janeiro, o exame ser\u00e1 sediado no CEFET\/RJ.<\/p>\n<p>Maiores informa\u00e7\u00e3o em <a href=\"https:\/\/www.fundatec.org.br\/portal\/concursos\/index_concursos.php?concurso=471\">https:\/\/www.fundatec.org.br\/portal\/concursos\/index_concursos.php?concurso=471<\/a><\/p>\n","protected":false},"excerpt":{"rendered":"<p>O Exame Nacional para Ingresso na P\u00f3s-Gradua\u00e7\u00e3o em Computa\u00e7\u00e3o (POSCOMP) \u00e9 um exame aplicado em todas as regi\u00f5es do Pa\u00eds. O POSCOMP testa conhecimentos na \u00e1rea de Computa\u00e7\u00e3o e tem como objetivo espec\u00edfico avaliar os conhecimentos de candidatos a Programas de P\u00f3s-Gradua\u00e7\u00e3o em Computa\u00e7\u00e3o oferecidos no Brasil. A grande maioria dos Programas de P\u00f3s-Gradua\u00e7\u00e3o no [&hellip;]<\/p>\n","protected":false},"author":3,"featured_media":0,"comment_status":"closed","ping_status":"closed","sticky":false,"template":"","format":"standard","meta":{"_monsterinsights_skip_tracking":false,"_monsterinsights_sitenote_active":false,"_monsterinsights_sitenote_note":"","_monsterinsights_sitenote_category":0,"footnotes":""},"categories":[33],"tags":[],"class_list":["post-1633","post","type-post","status-publish","format-standard","hentry","category-noticias-pt"],"_links":{"self":[{"href":"https:\/\/eic.cefet-rj.br\/ppcic\/wp-json\/wp\/v2\/posts\/1633","targetHints":{"allow":["GET"]}}],"collection":[{"href":"https:\/\/eic.cefet-rj.br\/ppcic\/wp-json\/wp\/v2\/posts"}],"about":[{"href":"https:\/\/eic.cefet-rj.br\/ppcic\/wp-json\/wp\/v2\/types\/post"}],"author":[{"embeddable":true,"href":"https:\/\/eic.cefet-rj.br\/ppcic\/wp-json\/wp\/v2\/users\/3"}],"replies":[{"embeddable":true,"href":"https:\/\/eic.cefet-rj.br\/ppcic\/wp-json\/wp\/v2\/comments?post=1633"}],"version-history":[{"count":5,"href":"https:\/\/eic.cefet-rj.br\/ppcic\/wp-json\/wp\/v2\/posts\/1633\/revisions"}],"predecessor-version":[{"id":2104,"href":"https:\/\/eic.cefet-rj.br\/ppcic\/wp-json\/wp\/v2\/posts\/1633\/revisions\/2104"}],"wp:attachment":[{"href":"https:\/\/eic.cefet-rj.br\/ppcic\/wp-json\/wp\/v2\/media?parent=1633"}],"wp:term":[{"taxonomy":"category","embeddable":true,"href":"https:\/\/eic.cefet-rj.br\/ppcic\/wp-json\/wp\/v2\/categories?post=1633"},{"taxonomy":"post_tag","embeddable":true,"href":"https:\/\/eic.cefet-rj.br\/ppcic\/wp-json\/wp\/v2\/tags?post=1633"}],"curies":[{"name":"wp","href":"https:\/\/api.w.org\/{rel}","templated":true}]}}