{"id":1561,"date":"2018-06-04T15:35:54","date_gmt":"2018-06-04T18:35:54","guid":{"rendered":"http:\/\/eic.cefet-rj.br\/ppcic\/?p=1561"},"modified":"2025-09-03T18:56:11","modified_gmt":"2025-09-03T21:56:11","slug":"primeira-defesa","status":"publish","type":"post","link":"https:\/\/eic.cefet-rj.br\/ppcic\/primeira-defesa\/","title":{"rendered":"PPCIC comemora a primeira defesa de disserta\u00e7\u00e3o de mestrado"},"content":{"rendered":"<p>No dia 04 de junho de 2018, tivemos a primeira defesa de Disserta\u00e7\u00e3o de Mestrado do Programa de P\u00f3s-gradua\u00e7\u00e3o em Ci\u00eancia da Computa\u00e7\u00e3o do CEFET\/RJ.\u00a0O aluno\u00a0Rafael Guimar\u00e3es Rodrigues defendeu o trabalho intitulado\u00a0An\u00e1lise de Aspectos Sem\u00e2nticos em Tradu\u00e7\u00f5es Autom\u00e1ticas de Textos. Ele foi orientado pelo Prof. Gustavo Paiva Guedes e Silva. A\u00a0Banca Examinadora foi formada pelos Profs.\u00a0Eduardo Bezerra (CEFET\/RJ), Eduardo Ogasawara (CEFET\/RJ) e Lilian Ferrari (UFRJ).<\/p>\n<p>Durante o seu mestrado, Rafael Rodrigues teve sete artigos publicados e mais tr\u00eas em processo de avalia\u00e7\u00e3o. A dura\u00e7\u00e3o do seu mestrado foi de 22 meses. &#8220;- \u00c9 um excelente come\u00e7o!&#8221; diz o coordenador do Programa, Prof. Eduardo Ogasawara.<\/p>\n<div>\n<dl id=\"attachment_1556\">\n<dt><img fetchpriority=\"high\" decoding=\"async\" src=\"http:\/\/eic.cefet-rj.br\/ppcic\/wp-content\/uploads\/2018\/06\/SAM_0061-300x225.jpg\" alt=\"\" width=\"300\" height=\"225\" \/><\/dt>\n<dd>Defesa de Disserta\u00e7\u00e3o de Mestrado do Rafael Rodrigues<\/dd>\n<\/dl>\n<\/div>\n","protected":false},"excerpt":{"rendered":"<p>No dia 04 de junho de 2018, tivemos a primeira defesa de Disserta\u00e7\u00e3o de Mestrado do Programa de P\u00f3s-gradua\u00e7\u00e3o em Ci\u00eancia da Computa\u00e7\u00e3o do CEFET\/RJ.\u00a0O aluno\u00a0Rafael Guimar\u00e3es Rodrigues defendeu o trabalho intitulado\u00a0An\u00e1lise de Aspectos Sem\u00e2nticos em Tradu\u00e7\u00f5es Autom\u00e1ticas de Textos. Ele foi orientado pelo Prof. Gustavo Paiva Guedes e Silva. A\u00a0Banca Examinadora foi formada pelos [&hellip;]<\/p>\n","protected":false},"author":3,"featured_media":0,"comment_status":"closed","ping_status":"closed","sticky":false,"template":"","format":"standard","meta":{"_monsterinsights_skip_tracking":false,"_monsterinsights_sitenote_active":false,"_monsterinsights_sitenote_note":"","_monsterinsights_sitenote_category":0,"footnotes":""},"categories":[33],"tags":[],"class_list":["post-1561","post","type-post","status-publish","format-standard","hentry","category-noticias-pt"],"_links":{"self":[{"href":"https:\/\/eic.cefet-rj.br\/ppcic\/wp-json\/wp\/v2\/posts\/1561","targetHints":{"allow":["GET"]}}],"collection":[{"href":"https:\/\/eic.cefet-rj.br\/ppcic\/wp-json\/wp\/v2\/posts"}],"about":[{"href":"https:\/\/eic.cefet-rj.br\/ppcic\/wp-json\/wp\/v2\/types\/post"}],"author":[{"embeddable":true,"href":"https:\/\/eic.cefet-rj.br\/ppcic\/wp-json\/wp\/v2\/users\/3"}],"replies":[{"embeddable":true,"href":"https:\/\/eic.cefet-rj.br\/ppcic\/wp-json\/wp\/v2\/comments?post=1561"}],"version-history":[{"count":18,"href":"https:\/\/eic.cefet-rj.br\/ppcic\/wp-json\/wp\/v2\/posts\/1561\/revisions"}],"predecessor-version":[{"id":2107,"href":"https:\/\/eic.cefet-rj.br\/ppcic\/wp-json\/wp\/v2\/posts\/1561\/revisions\/2107"}],"wp:attachment":[{"href":"https:\/\/eic.cefet-rj.br\/ppcic\/wp-json\/wp\/v2\/media?parent=1561"}],"wp:term":[{"taxonomy":"category","embeddable":true,"href":"https:\/\/eic.cefet-rj.br\/ppcic\/wp-json\/wp\/v2\/categories?post=1561"},{"taxonomy":"post_tag","embeddable":true,"href":"https:\/\/eic.cefet-rj.br\/ppcic\/wp-json\/wp\/v2\/tags?post=1561"}],"curies":[{"name":"wp","href":"https:\/\/api.w.org\/{rel}","templated":true}]}}