{"id":1275,"date":"2018-02-23T17:00:40","date_gmt":"2018-02-23T20:00:40","guid":{"rendered":"http:\/\/eic.cefet-rj.br\/ppcic\/?p=1275"},"modified":"2025-09-03T18:56:26","modified_gmt":"2025-09-03T21:56:26","slug":"jornada-de-ciencia-de-dados","status":"publish","type":"post","link":"https:\/\/eic.cefet-rj.br\/ppcic\/jornada-de-ciencia-de-dados\/","title":{"rendered":"Jornada de Ci\u00eancia de Dados"},"content":{"rendered":"<p>A programa\u00e7\u00e3o da Jornada de Ci\u00eancia de Dados neste ano ocorrer\u00e1 no LNCC no dia 9 de mar\u00e7o de 2018 est\u00e1 dispon\u00edvel.<\/p>\n<p>O detalhamento da programa\u00e7\u00e3o do evento encontra-se em <a href=\"http:\/\/eic.cefet-rj.br\/ppcic\/wp-content\/uploads\/2018\/02\/Programa_Workshop_CiD_2018_completo.pdf\">anexo<\/a>.<\/p>\n<p>Audit\u00f3rio A, LNCC\/MCTIC, Petr\u00f3polis, RJ, 09 de mar\u00e7o de 2018<\/p>\n<p>Organiza\u00e7\u00e3o: Fabio Porto (LNCC), Eduardo Ogasawara (CEFET-RJ), Artur Ziviani (LNCC)<\/p>\n<table>\n<tbody>\n<tr>\n<td width=\"82\">09:00-09:30<\/td>\n<td width=\"535\">Abertura e Vis\u00e3o Geral das Atividades de Ci\u00eancia de Dados no LNCC<br \/>\nArtur Ziviani (LNCC) e Fabio Porto (LNCC)<\/td>\n<\/tr>\n<tr>\n<td width=\"82\">09:30-10:30<\/p>\n<p>Keynote 1<\/td>\n<td width=\"535\">Ci\u00eancia de Dados e Aplica\u00e7\u00f5es em Bancos<br \/>\nRener Pereira de Castro (Itau-Unibanco)<\/td>\n<\/tr>\n<tr>\n<td width=\"82\">10:30-11:00<\/td>\n<td width=\"535\">COFFEE BREAK<\/td>\n<\/tr>\n<tr>\n<td width=\"82\">11:00-12:30<\/p>\n<p>Palestras<\/p>\n<p>Convidadas<\/td>\n<td width=\"535\">Arcabou\u00e7o computacional escal\u00e1vel para modelagem de nicho ecol\u00f3gico: Aplica\u00e7\u00e3o \u00e0 avalia\u00e7\u00e3o de distribui\u00e7\u00e3o de esp\u00e9cies para a flora Brasil 2020<br \/>\nMarinez Ferreira de Siqueira (Jardim Bot\u00e2nico do Rio de Janeiro)Artificial Neural Networks: Recent\u00a0Advances, Current Trends, and Open Problems<br \/>\nEduardo Bezerra (CEFET-RJ)Deep Learning for Structured Data, with Applications on Oil and Gas<br \/>\nAline Paes (UFF)<\/td>\n<\/tr>\n<tr>\n<td width=\"82\">12:30-14:00<\/td>\n<td width=\"535\">ALMO\u00c7O<\/td>\n<\/tr>\n<tr>\n<td width=\"82\">14:00-15:00<\/p>\n<p>Keynote 2<\/td>\n<td width=\"535\">Desafios\u00a0e oportunidades de pesquisa relacionados \u00e0 tecnologia\u00a0blockchain<br \/>\nDaniel Sadoc Menasch\u00e9 (UFRJ)<\/td>\n<\/tr>\n<tr>\n<td width=\"82\">15:00-16:00<\/p>\n<p>Painel<\/td>\n<td width=\"535\">Painel sobre Experi\u00eancias, Desafios e Perspectivas de Intelig\u00eancia Artificial<br \/>\nModerador<span style=\"font-family: inherit; font-weight: inherit;\">: Eduardo Ogasawara (CEFET-RJ)<\/span><\/td>\n<\/tr>\n<tr>\n<td width=\"82\">16:00-16:15<\/td>\n<td width=\"535\">Encerramento<\/td>\n<\/tr>\n<\/tbody>\n<\/table>\n","protected":false},"excerpt":{"rendered":"<p>A programa\u00e7\u00e3o da Jornada de Ci\u00eancia de Dados neste ano ocorrer\u00e1 no LNCC no dia 9 de mar\u00e7o de 2018 est\u00e1 dispon\u00edvel. O detalhamento da programa\u00e7\u00e3o do evento encontra-se em anexo. Audit\u00f3rio A, LNCC\/MCTIC, Petr\u00f3polis, RJ, 09 de mar\u00e7o de 2018 Organiza\u00e7\u00e3o: Fabio Porto (LNCC), Eduardo Ogasawara (CEFET-RJ), Artur Ziviani (LNCC) 09:00-09:30 Abertura e Vis\u00e3o [&hellip;]<\/p>\n","protected":false},"author":3,"featured_media":0,"comment_status":"closed","ping_status":"closed","sticky":false,"template":"","format":"standard","meta":{"_monsterinsights_skip_tracking":false,"_monsterinsights_sitenote_active":false,"_monsterinsights_sitenote_note":"","_monsterinsights_sitenote_category":0,"footnotes":""},"categories":[16,33],"tags":[],"class_list":["post-1275","post","type-post","status-publish","format-standard","hentry","category-eventos","category-noticias-pt"],"_links":{"self":[{"href":"https:\/\/eic.cefet-rj.br\/ppcic\/wp-json\/wp\/v2\/posts\/1275","targetHints":{"allow":["GET"]}}],"collection":[{"href":"https:\/\/eic.cefet-rj.br\/ppcic\/wp-json\/wp\/v2\/posts"}],"about":[{"href":"https:\/\/eic.cefet-rj.br\/ppcic\/wp-json\/wp\/v2\/types\/post"}],"author":[{"embeddable":true,"href":"https:\/\/eic.cefet-rj.br\/ppcic\/wp-json\/wp\/v2\/users\/3"}],"replies":[{"embeddable":true,"href":"https:\/\/eic.cefet-rj.br\/ppcic\/wp-json\/wp\/v2\/comments?post=1275"}],"version-history":[{"count":15,"href":"https:\/\/eic.cefet-rj.br\/ppcic\/wp-json\/wp\/v2\/posts\/1275\/revisions"}],"predecessor-version":[{"id":2974,"href":"https:\/\/eic.cefet-rj.br\/ppcic\/wp-json\/wp\/v2\/posts\/1275\/revisions\/2974"}],"wp:attachment":[{"href":"https:\/\/eic.cefet-rj.br\/ppcic\/wp-json\/wp\/v2\/media?parent=1275"}],"wp:term":[{"taxonomy":"category","embeddable":true,"href":"https:\/\/eic.cefet-rj.br\/ppcic\/wp-json\/wp\/v2\/categories?post=1275"},{"taxonomy":"post_tag","embeddable":true,"href":"https:\/\/eic.cefet-rj.br\/ppcic\/wp-json\/wp\/v2\/tags?post=1275"}],"curies":[{"name":"wp","href":"https:\/\/api.w.org\/{rel}","templated":true}]}}