{"id":3604,"date":"2025-12-18T20:58:56","date_gmt":"2025-12-18T23:58:56","guid":{"rendered":"https:\/\/eic.cefet-rj.br\/meninasnarobotica\/?p=3604"},"modified":"2025-12-18T20:58:56","modified_gmt":"2025-12-18T23:58:56","slug":"cancer-de-colo-do-utero","status":"publish","type":"post","link":"https:\/\/eic.cefet-rj.br\/meninasnarobotica\/index.php\/2025\/12\/18\/cancer-de-colo-do-utero\/","title":{"rendered":"C\u00e2ncer de colo do \u00fatero"},"content":{"rendered":"\n<p>O colo do \u00fatero \u00e9 a por\u00e7\u00e3o do \u00fatero em forma de canal que conecta o \u00fatero com a vagina. O c\u00e2ncer de colo de \u00fatero, tamb\u00e9m conhecido como c\u00e2ncer cervical, \u00e9 um tipo de c\u00e2ncer que se desenvolve nas c\u00e9lulas da regi\u00e3o mais baixa do \u00fatero, quando essas c\u00e9lulas passam a se multiplicar de forma desordenada. A maioria dos casos de c\u00e2ncer de colo de \u00fatero est\u00e1 relacionada \u00e0 infec\u00e7\u00e3o pelo papiloma v\u00edrus humano (HPV), de alta preval\u00eancia no Brasil, sendo este o tumor ginecol\u00f3gico mais frequente na popula\u00e7\u00e3o brasileira.<\/p>\n\n\n\n<p data-wp-context---core-fit-text=\"core\/fit-text::{&quot;fontSize&quot;:&quot;&quot;}\" data-wp-init---core-fit-text=\"core\/fit-text::callbacks.init\" data-wp-interactive data-wp-style--font-size=\"core\/fit-text::context.fontSize\" class=\"has-fit-text\">Causas<\/p>\n\n\n\n<p>Esse c\u00e2ncer \u00e9 principalmente causado pela infec\u00e7\u00e3o pelo papiloma v\u00edrus humano (HPV). No entanto, existem outros fatores de risco que podem contribuir para o desenvolvimento deste tipo de c\u00e2ncer, como comportamento sexual, tabagismo e sistema imunol\u00f3gico enfraquecido.<\/p>\n\n\n\n<p data-wp-context---core-fit-text=\"core\/fit-text::{&quot;fontSize&quot;:&quot;&quot;}\" data-wp-init---core-fit-text=\"core\/fit-text::callbacks.init\" data-wp-interactive data-wp-style--font-size=\"core\/fit-text::context.fontSize\" class=\"has-fit-text\">HPV<\/p>\n\n\n\n<p>O HPV (Papilomav\u00edrus Humano) \u00e9 a infec\u00e7\u00e3o sexualmente transmiss\u00edvel mais comum no mundo e afeta a pele e as mucosas. Existem mais de 200 tipos, alguns causam verrugas genitais e outros est\u00e3o associados a tumores malignos, como o c\u00e2ncer do colo do \u00fatero, \u00e2nus, p\u00eanis, boca e garganta. A transmiss\u00e3o ocorre por via sexual, e o uso de preservativos protege apenas parcialmente, j\u00e1 que o cont\u00e1gio tamb\u00e9m pode acontecer pelo contato com \u00e1reas n\u00e3o cobertas, como vulva, regi\u00e3o perineal, perianal e bolsa escrotal.<\/p>\n\n\n\n<p data-wp-context---core-fit-text=\"core\/fit-text::{&quot;fontSize&quot;:&quot;&quot;}\" data-wp-init---core-fit-text=\"core\/fit-text::callbacks.init\" data-wp-interactive data-wp-style--font-size=\"core\/fit-text::context.fontSize\" class=\"has-fit-text\">Sintomas<\/p>\n\n\n\n<p>Nos est\u00e1gios iniciais, o c\u00e2ncer de colo de \u00fatero pode n\u00e3o apresentar sintomas vis\u00edveis. Conforme a doen\u00e7a avan\u00e7a, podem surgir:<\/p>\n\n\n\n<p>\u25cf Sangramento vaginal anormal;<\/p>\n\n\n\n<p>\u25cf Corrimento vaginal anormal;<\/p>\n\n\n\n<p>\u25cf Dor p\u00e9lvica;<\/p>\n\n\n\n<p>\u25cf Dor ao urinar;<\/p>\n\n\n\n<p>\u25cf Dor nas costas ou nas pernas;<\/p>\n\n\n\n<p>\u25cf Perda de peso inexplic\u00e1vel.<\/p>\n\n\n\n<p>\u00c9 importante lembrar que estes sintomas tamb\u00e9m podem estar relacionados a outras condi\u00e7\u00f5es de sa\u00fade.<\/p>\n\n\n\n<p data-wp-context---core-fit-text=\"core\/fit-text::{&quot;fontSize&quot;:&quot;&quot;}\" data-wp-init---core-fit-text=\"core\/fit-text::callbacks.init\" data-wp-interactive data-wp-style--font-size=\"core\/fit-text::context.fontSize\" class=\"has-fit-text\">Diagn\u00f3stico<\/p>\n\n\n\n<p>Os principais m\u00e9todos de rastreio utilizados s\u00e3o: exame de papanicolau, teste de HPV, exame cl\u00ednico p\u00e9lvico e colposcopia. O papanicolau \u00e9 o m\u00e9todo mais comum, no qual s\u00e3o coletadas c\u00e9lulas do colo do \u00fatero para an\u00e1lise em laborat\u00f3rio. O teste de HPV verifica a presen\u00e7a do DNA do v\u00edrus. O exame cl\u00ednico p\u00e9lvico e a colposcopia s\u00e3o utilizados como complemento na avalia\u00e7\u00e3o.<\/p>\n\n\n\n<p data-wp-context---core-fit-text=\"core\/fit-text::{&quot;fontSize&quot;:&quot;&quot;}\" data-wp-init---core-fit-text=\"core\/fit-text::callbacks.init\" data-wp-interactive data-wp-style--font-size=\"core\/fit-text::context.fontSize\" class=\"has-fit-text\">Tratamento<\/p>\n\n\n\n<p>O tratamento depender\u00e1 do est\u00e1gio da doen\u00e7a, das condi\u00e7\u00f5es cl\u00ednicas da paciente e do desejo de engravidar. As op\u00e7\u00f5es incluem:<\/p>\n\n\n\n<p>\u25cfCirurgia;<\/p>\n\n\n\n<p>\u25cfRadioterapia;<\/p>\n\n\n\n<p>\u25cfImunoterapia.<\/p>\n\n\n\n<p data-wp-context---core-fit-text=\"core\/fit-text::{&quot;fontSize&quot;:&quot;&quot;}\" data-wp-init---core-fit-text=\"core\/fit-text::callbacks.init\" data-wp-interactive data-wp-style--font-size=\"core\/fit-text::context.fontSize\" class=\"has-fit-text\">Preven\u00e7\u00e3o<\/p>\n\n\n\n<p>A principal forma de se prevenir contra o c\u00e2ncer de colo de \u00fatero \u00e9 a vacina\u00e7\u00e3o contra o HPV.<\/p>\n\n\n\n<p>No SUS: vacina quadrivalente para meninos e meninas dos 9 aos 14 anos, ampliada para adolescentes at\u00e9 19 anos n\u00e3o vacinados. Dispon\u00edvel tamb\u00e9m para homens e mulheres de at\u00e9 45 anos imunossuprimidos e para v\u00edtimas de viol\u00eancia sexual.<\/p>\n\n\n\n<p>Na rede particular: vacina monovalente, indicada para homens e mulheres dos 9 aos 45 anos, com prote\u00e7\u00e3o contra 9 subtipos de HPV.<\/p>\n\n\n\n<p>Al\u00e9m da vacina\u00e7\u00e3o, recomenda-se: n\u00e3o fumar; manter o sistema imunol\u00f3gico saud\u00e1vel; realizar exames preventivos regularmente.<\/p>\n\n\n\n<p><\/p>\n\n\n\n<p><\/p>\n\n\n\n<p><\/p>\n\n\n\n<p>Sites consultados para elabora\u00e7\u00e3o dessa postagem:<\/p>\n\n\n\n<p>HOSPITAL ISRAELITA ALBERT EINSTEIN. C\u00e2ncer de colo de \u00fatero: o que \u00e9, causas, sintomas e preven\u00e7\u00e3o. Dispon\u00edvel em:&nbsp;https:\/\/www.einstein.br\/n\/glossario-de-saude\/cancer-de-colo-de-utero.<\/p>\n\n\n\n<p>INSTITUTO NACIONAL DE C\u00c2NCER JOS\u00c9 ALENCAR GOMES DA SILVA (INCA). C\u00e2ncer do colo do \u00fatero. Dispon\u00edvel em:&nbsp;https:\/\/www.gov.br\/inca\/pt-br\/assuntos\/cancer\/tipos\/colo-do-utero.<\/p>\n\n\n\n<p>Minist\u00e9rio da Sa\u00fade. HPV \u2013 Papilomav\u00edrus Humano. Dispon\u00edvel em:&nbsp;https:\/\/www.gov.br\/saude\/pt-br\/assuntos\/saude-de-a-a-z\/h\/hpv.<\/p>\n\n\n\n<p><\/p>\n","protected":false},"excerpt":{"rendered":"<p>O colo do \u00fatero \u00e9 a por\u00e7\u00e3o do \u00fatero em forma de canal que conecta o \u00fatero com a vagina. O c\u00e2ncer de colo de \u00fatero, tamb\u00e9m conhecido como c\u00e2ncer cervical, \u00e9 um tipo de c\u00e2ncer que se desenvolve nas c\u00e9lulas da regi\u00e3o mais baixa do \u00fatero, quando essas c\u00e9lulas passam a se multiplicar de [&hellip;]<\/p>\n","protected":false},"author":5,"featured_media":3605,"comment_status":"open","ping_status":"open","sticky":false,"template":"","format":"standard","meta":{"footnotes":""},"categories":[17],"tags":[],"class_list":["post-3604","post","type-post","status-publish","format-standard","has-post-thumbnail","hentry","category-campanhas-de-conscientizacao"],"_links":{"self":[{"href":"https:\/\/eic.cefet-rj.br\/meninasnarobotica\/index.php\/wp-json\/wp\/v2\/posts\/3604","targetHints":{"allow":["GET"]}}],"collection":[{"href":"https:\/\/eic.cefet-rj.br\/meninasnarobotica\/index.php\/wp-json\/wp\/v2\/posts"}],"about":[{"href":"https:\/\/eic.cefet-rj.br\/meninasnarobotica\/index.php\/wp-json\/wp\/v2\/types\/post"}],"author":[{"embeddable":true,"href":"https:\/\/eic.cefet-rj.br\/meninasnarobotica\/index.php\/wp-json\/wp\/v2\/users\/5"}],"replies":[{"embeddable":true,"href":"https:\/\/eic.cefet-rj.br\/meninasnarobotica\/index.php\/wp-json\/wp\/v2\/comments?post=3604"}],"version-history":[{"count":1,"href":"https:\/\/eic.cefet-rj.br\/meninasnarobotica\/index.php\/wp-json\/wp\/v2\/posts\/3604\/revisions"}],"predecessor-version":[{"id":3606,"href":"https:\/\/eic.cefet-rj.br\/meninasnarobotica\/index.php\/wp-json\/wp\/v2\/posts\/3604\/revisions\/3606"}],"wp:featuredmedia":[{"embeddable":true,"href":"https:\/\/eic.cefet-rj.br\/meninasnarobotica\/index.php\/wp-json\/wp\/v2\/media\/3605"}],"wp:attachment":[{"href":"https:\/\/eic.cefet-rj.br\/meninasnarobotica\/index.php\/wp-json\/wp\/v2\/media?parent=3604"}],"wp:term":[{"taxonomy":"category","embeddable":true,"href":"https:\/\/eic.cefet-rj.br\/meninasnarobotica\/index.php\/wp-json\/wp\/v2\/categories?post=3604"},{"taxonomy":"post_tag","embeddable":true,"href":"https:\/\/eic.cefet-rj.br\/meninasnarobotica\/index.php\/wp-json\/wp\/v2\/tags?post=3604"}],"curies":[{"name":"wp","href":"https:\/\/api.w.org\/{rel}","templated":true}]}}