{"id":2907,"date":"2025-09-28T20:13:25","date_gmt":"2025-09-28T23:13:25","guid":{"rendered":"https:\/\/eic.cefet-rj.br\/meninasnarobotica\/?p=2907"},"modified":"2025-12-12T12:38:29","modified_gmt":"2025-12-12T15:38:29","slug":"escola-municipal-julio-rabello-guimaraes-2025","status":"publish","type":"post","link":"https:\/\/eic.cefet-rj.br\/meninasnarobotica\/index.php\/2025\/09\/28\/escola-municipal-julio-rabello-guimaraes-2025\/","title":{"rendered":"Escola Municipal J\u00falio Rabello Guimar\u00e3es"},"content":{"rendered":"\n<p>No dia 25 de setembro de 2025, foi realizado a oficina para a montagem do Miniprojeto 1 \u2013 Copo de flores. <\/p>\n\n\n\n<p>A atividade contou com a participa\u00e7\u00e3o de 11 alunos e cada estudante p\u00f4de desenvolver seu pr\u00f3prio miniprojeto, estimulando a criatividade e o interesse pela rob\u00f3tica.<\/p>\n\n\n\n<p>O encontro refor\u00e7a o compromisso do projeto em promover a educa\u00e7\u00e3o tecnol\u00f3gica e inclus\u00e3o , incentivando crian\u00e7as e adolescentes a explorarem o mundo da ci\u00eancia e da inova\u00e7\u00e3o de forma divertida e interativa. \ud83d\udc9c\ud83e\udd16<\/p>\n\n\n\n<figure class=\"wp-block-image size-large\"><img loading=\"lazy\" decoding=\"async\" width=\"1024\" height=\"625\" src=\"https:\/\/eic.cefet-rj.br\/meninasnarobotica\/wp-content\/uploads\/2025\/09\/image-49-1024x625.png\" alt=\"\" class=\"wp-image-2908\" srcset=\"https:\/\/eic.cefet-rj.br\/meninasnarobotica\/wp-content\/uploads\/2025\/09\/image-49-1024x625.png 1024w, https:\/\/eic.cefet-rj.br\/meninasnarobotica\/wp-content\/uploads\/2025\/09\/image-49-300x183.png 300w, https:\/\/eic.cefet-rj.br\/meninasnarobotica\/wp-content\/uploads\/2025\/09\/image-49-768x469.png 768w, https:\/\/eic.cefet-rj.br\/meninasnarobotica\/wp-content\/uploads\/2025\/09\/image-49.png 1084w\" sizes=\"auto, (max-width: 1024px) 100vw, 1024px\" \/><\/figure>\n\n\n\n<div class=\"wp-block-group is-nowrap is-layout-flex wp-container-core-group-is-layout-ad2f72ca wp-block-group-is-layout-flex\"><div class=\"wp-block-image\">\n<figure class=\"aligncenter size-full\"><img loading=\"lazy\" decoding=\"async\" width=\"618\" height=\"516\" src=\"https:\/\/eic.cefet-rj.br\/meninasnarobotica\/wp-content\/uploads\/2025\/09\/image-50.png\" alt=\"\" class=\"wp-image-2909\" srcset=\"https:\/\/eic.cefet-rj.br\/meninasnarobotica\/wp-content\/uploads\/2025\/09\/image-50.png 618w, https:\/\/eic.cefet-rj.br\/meninasnarobotica\/wp-content\/uploads\/2025\/09\/image-50-300x250.png 300w\" sizes=\"auto, (max-width: 618px) 100vw, 618px\" \/><\/figure>\n<\/div>\n\n\n<figure class=\"wp-block-image size-full\"><img loading=\"lazy\" decoding=\"async\" width=\"575\" height=\"493\" src=\"https:\/\/eic.cefet-rj.br\/meninasnarobotica\/wp-content\/uploads\/2025\/09\/image-52.png\" alt=\"\" class=\"wp-image-2912\" srcset=\"https:\/\/eic.cefet-rj.br\/meninasnarobotica\/wp-content\/uploads\/2025\/09\/image-52.png 575w, https:\/\/eic.cefet-rj.br\/meninasnarobotica\/wp-content\/uploads\/2025\/09\/image-52-300x257.png 300w\" sizes=\"auto, (max-width: 575px) 100vw, 575px\" \/><\/figure>\n\n\n\n<figure class=\"wp-block-image size-full is-resized wp-container-content-69bc4bdf\"><img loading=\"lazy\" decoding=\"async\" width=\"608\" height=\"456\" src=\"https:\/\/eic.cefet-rj.br\/meninasnarobotica\/wp-content\/uploads\/2025\/09\/image-53-edited-1.png\" alt=\"\" class=\"wp-image-2915\" style=\"width:296px;height:auto\" srcset=\"https:\/\/eic.cefet-rj.br\/meninasnarobotica\/wp-content\/uploads\/2025\/09\/image-53-edited-1.png 608w, https:\/\/eic.cefet-rj.br\/meninasnarobotica\/wp-content\/uploads\/2025\/09\/image-53-edited-1-300x225.png 300w\" sizes=\"auto, (max-width: 608px) 100vw, 608px\" \/><\/figure>\n<\/div>\n\n\n\n<p>No dia 09 de outubro, realizamos mais uma oficina cheia de curiosidade e boas descobertas com o Miniprojeto 2: Monitorando o n\u00edvel da caixa d\u2019\u00e1gua. As participantes aprenderam como sensores podem identificar o n\u00edvel da \u00e1gua e ajudar no uso mais consciente dos recursos naturais. <\/p>\n\n\n\n<p>Com 10 alunas presentes, o aprendizado foi bem din\u00e2mico e todo mundo p\u00f4de experimentar, testar e entender como a tecnologia pode contribuir para solu\u00e7\u00f5es reais do cotidiano.<\/p>\n\n\n<div class=\"wp-block-image\">\n<figure class=\"aligncenter size-full is-resized\"><img loading=\"lazy\" decoding=\"async\" width=\"1007\" height=\"742\" src=\"https:\/\/eic.cefet-rj.br\/meninasnarobotica\/wp-content\/uploads\/2025\/09\/image-94.png\" alt=\"\" class=\"wp-image-3102\" style=\"width:692px;height:auto\" srcset=\"https:\/\/eic.cefet-rj.br\/meninasnarobotica\/wp-content\/uploads\/2025\/09\/image-94.png 1007w, https:\/\/eic.cefet-rj.br\/meninasnarobotica\/wp-content\/uploads\/2025\/09\/image-94-300x221.png 300w, https:\/\/eic.cefet-rj.br\/meninasnarobotica\/wp-content\/uploads\/2025\/09\/image-94-768x566.png 768w\" sizes=\"auto, (max-width: 1007px) 100vw, 1007px\" \/><\/figure>\n<\/div>\n\n<div class=\"wp-block-image\">\n<figure class=\"aligncenter size-full is-resized\"><img loading=\"lazy\" decoding=\"async\" width=\"628\" height=\"701\" src=\"https:\/\/eic.cefet-rj.br\/meninasnarobotica\/wp-content\/uploads\/2025\/09\/image-95.png\" alt=\"\" class=\"wp-image-3103\" style=\"width:690px;height:auto\" srcset=\"https:\/\/eic.cefet-rj.br\/meninasnarobotica\/wp-content\/uploads\/2025\/09\/image-95.png 628w, https:\/\/eic.cefet-rj.br\/meninasnarobotica\/wp-content\/uploads\/2025\/09\/image-95-269x300.png 269w\" sizes=\"auto, (max-width: 628px) 100vw, 628px\" \/><\/figure>\n<\/div>\n\n<div class=\"wp-block-image\">\n<figure class=\"aligncenter size-full is-resized\"><img loading=\"lazy\" decoding=\"async\" width=\"619\" height=\"755\" src=\"https:\/\/eic.cefet-rj.br\/meninasnarobotica\/wp-content\/uploads\/2025\/09\/image-96.png\" alt=\"\" class=\"wp-image-3104\" style=\"width:695px;height:auto\" srcset=\"https:\/\/eic.cefet-rj.br\/meninasnarobotica\/wp-content\/uploads\/2025\/09\/image-96.png 619w, https:\/\/eic.cefet-rj.br\/meninasnarobotica\/wp-content\/uploads\/2025\/09\/image-96-246x300.png 246w\" sizes=\"auto, (max-width: 619px) 100vw, 619px\" \/><\/figure>\n<\/div>\n\n\n<p>No dia 16 de outubro de 2025, os alunos realizaram a montagem do Miniprojeto 3 \u2013 Monitorando a Umidade da Terra.  A atividade contou com a participa\u00e7\u00e3o de 10 alunos, que tiveram a oportunidade de aprender na pr\u00e1tica sobre a umidade do solo e sua import\u00e2ncia para as plantas. \ud83c\udf31<\/p>\n\n\n\n<div class=\"wp-block-group is-nowrap is-layout-flex wp-container-core-group-is-layout-ad2f72ca wp-block-group-is-layout-flex\">\n<figure class=\"wp-block-image size-full is-resized\"><img loading=\"lazy\" decoding=\"async\" width=\"602\" height=\"513\" src=\"https:\/\/eic.cefet-rj.br\/meninasnarobotica\/wp-content\/uploads\/2025\/09\/image-67.png\" alt=\"\" class=\"wp-image-3018\" style=\"width:467px;height:auto\" srcset=\"https:\/\/eic.cefet-rj.br\/meninasnarobotica\/wp-content\/uploads\/2025\/09\/image-67.png 602w, https:\/\/eic.cefet-rj.br\/meninasnarobotica\/wp-content\/uploads\/2025\/09\/image-67-300x256.png 300w\" sizes=\"auto, (max-width: 602px) 100vw, 602px\" \/><\/figure>\n\n\n\n<figure class=\"wp-block-image size-full\"><img loading=\"lazy\" decoding=\"async\" width=\"601\" height=\"667\" src=\"https:\/\/eic.cefet-rj.br\/meninasnarobotica\/wp-content\/uploads\/2025\/09\/image-68.png\" alt=\"\" class=\"wp-image-3019\" srcset=\"https:\/\/eic.cefet-rj.br\/meninasnarobotica\/wp-content\/uploads\/2025\/09\/image-68.png 601w, https:\/\/eic.cefet-rj.br\/meninasnarobotica\/wp-content\/uploads\/2025\/09\/image-68-270x300.png 270w\" sizes=\"auto, (max-width: 601px) 100vw, 601px\" \/><\/figure>\n<\/div>\n\n\n\n<figure class=\"wp-block-image size-full\"><img loading=\"lazy\" decoding=\"async\" width=\"994\" height=\"590\" src=\"https:\/\/eic.cefet-rj.br\/meninasnarobotica\/wp-content\/uploads\/2025\/09\/image-69.png\" alt=\"\" class=\"wp-image-3020\" srcset=\"https:\/\/eic.cefet-rj.br\/meninasnarobotica\/wp-content\/uploads\/2025\/09\/image-69.png 994w, https:\/\/eic.cefet-rj.br\/meninasnarobotica\/wp-content\/uploads\/2025\/09\/image-69-300x178.png 300w, https:\/\/eic.cefet-rj.br\/meninasnarobotica\/wp-content\/uploads\/2025\/09\/image-69-768x456.png 768w\" sizes=\"auto, (max-width: 994px) 100vw, 994px\" \/><\/figure>\n\n\n\n<p>No dia <strong>23 de outubro de 2025<\/strong>, os alunos realizaram o <strong>Miniprojeto 4 \u2013 Horta Automatizada<\/strong> na <strong>E.M. J\u00falio Rabello Guimar\u00e3es<\/strong>. A atividade contou com a participa\u00e7\u00e3o de <strong>11 alunos<\/strong>, que tiveram a oportunidade de aprender na pr\u00e1tica sobre <strong>rob\u00f3tica e automa\u00e7\u00e3o<\/strong> aplicadas ao cuidado com as plantas e ao funcionamento de uma <strong>horta sustent\u00e1vel<\/strong>. \ud83c\udf3f\ud83e\udd16<\/p>\n\n\n\n<figure class=\"wp-block-image size-large\"><img loading=\"lazy\" decoding=\"async\" width=\"1024\" height=\"771\" src=\"https:\/\/eic.cefet-rj.br\/meninasnarobotica\/wp-content\/uploads\/2025\/09\/WhatsApp-Image-2025-11-02-at-15.37.18-1024x771.jpeg\" alt=\"\" class=\"wp-image-3174\" srcset=\"https:\/\/eic.cefet-rj.br\/meninasnarobotica\/wp-content\/uploads\/2025\/09\/WhatsApp-Image-2025-11-02-at-15.37.18-1024x771.jpeg 1024w, https:\/\/eic.cefet-rj.br\/meninasnarobotica\/wp-content\/uploads\/2025\/09\/WhatsApp-Image-2025-11-02-at-15.37.18-300x226.jpeg 300w, https:\/\/eic.cefet-rj.br\/meninasnarobotica\/wp-content\/uploads\/2025\/09\/WhatsApp-Image-2025-11-02-at-15.37.18-768x578.jpeg 768w, https:\/\/eic.cefet-rj.br\/meninasnarobotica\/wp-content\/uploads\/2025\/09\/WhatsApp-Image-2025-11-02-at-15.37.18-1536x1156.jpeg 1536w, https:\/\/eic.cefet-rj.br\/meninasnarobotica\/wp-content\/uploads\/2025\/09\/WhatsApp-Image-2025-11-02-at-15.37.18.jpeg 1600w\" sizes=\"auto, (max-width: 1024px) 100vw, 1024px\" \/><\/figure>\n\n\n\n<div class=\"wp-block-columns is-layout-flex wp-container-core-columns-is-layout-9d6595d7 wp-block-columns-is-layout-flex\">\n<div class=\"wp-block-column is-layout-flow wp-block-column-is-layout-flow\" style=\"flex-basis:33.34%\">\n<figure class=\"wp-block-image size-large\"><img loading=\"lazy\" decoding=\"async\" width=\"1204\" height=\"1205\" src=\"https:\/\/eic.cefet-rj.br\/meninasnarobotica\/wp-content\/uploads\/2025\/11\/WhatsApp-Image-2025-11-02-at-15.37.18-1-edited.jpeg\" alt=\"\" class=\"wp-image-3179\" srcset=\"https:\/\/eic.cefet-rj.br\/meninasnarobotica\/wp-content\/uploads\/2025\/11\/WhatsApp-Image-2025-11-02-at-15.37.18-1-edited.jpeg 1204w, https:\/\/eic.cefet-rj.br\/meninasnarobotica\/wp-content\/uploads\/2025\/11\/WhatsApp-Image-2025-11-02-at-15.37.18-1-edited-300x300.jpeg 300w, https:\/\/eic.cefet-rj.br\/meninasnarobotica\/wp-content\/uploads\/2025\/11\/WhatsApp-Image-2025-11-02-at-15.37.18-1-edited-1024x1024.jpeg 1024w, https:\/\/eic.cefet-rj.br\/meninasnarobotica\/wp-content\/uploads\/2025\/11\/WhatsApp-Image-2025-11-02-at-15.37.18-1-edited-150x150.jpeg 150w, https:\/\/eic.cefet-rj.br\/meninasnarobotica\/wp-content\/uploads\/2025\/11\/WhatsApp-Image-2025-11-02-at-15.37.18-1-edited-768x769.jpeg 768w\" sizes=\"auto, (max-width: 1204px) 100vw, 1204px\" \/><\/figure>\n<\/div>\n\n\n\n<div class=\"wp-block-column is-layout-flow wp-block-column-is-layout-flow\" style=\"flex-basis:33.34%\">\n<figure class=\"wp-block-image size-large\"><img loading=\"lazy\" decoding=\"async\" width=\"1204\" height=\"1205\" src=\"https:\/\/eic.cefet-rj.br\/meninasnarobotica\/wp-content\/uploads\/2025\/11\/WhatsApp-Image-2025-11-02-at-15.37.19-edited.jpeg\" alt=\"\" class=\"wp-image-3180\" srcset=\"https:\/\/eic.cefet-rj.br\/meninasnarobotica\/wp-content\/uploads\/2025\/11\/WhatsApp-Image-2025-11-02-at-15.37.19-edited.jpeg 1204w, https:\/\/eic.cefet-rj.br\/meninasnarobotica\/wp-content\/uploads\/2025\/11\/WhatsApp-Image-2025-11-02-at-15.37.19-edited-300x300.jpeg 300w, https:\/\/eic.cefet-rj.br\/meninasnarobotica\/wp-content\/uploads\/2025\/11\/WhatsApp-Image-2025-11-02-at-15.37.19-edited-1024x1024.jpeg 1024w, https:\/\/eic.cefet-rj.br\/meninasnarobotica\/wp-content\/uploads\/2025\/11\/WhatsApp-Image-2025-11-02-at-15.37.19-edited-150x150.jpeg 150w, https:\/\/eic.cefet-rj.br\/meninasnarobotica\/wp-content\/uploads\/2025\/11\/WhatsApp-Image-2025-11-02-at-15.37.19-edited-768x769.jpeg 768w\" sizes=\"auto, (max-width: 1204px) 100vw, 1204px\" \/><\/figure>\n<\/div>\n\n\n\n<div class=\"wp-block-column is-layout-flow wp-block-column-is-layout-flow\" style=\"flex-basis:33.33%\">\n<figure class=\"wp-block-image size-large\"><img loading=\"lazy\" decoding=\"async\" width=\"1204\" height=\"1205\" src=\"https:\/\/eic.cefet-rj.br\/meninasnarobotica\/wp-content\/uploads\/2025\/11\/WhatsApp-Image-2025-11-02-at-15.37.19-1-edited.jpeg\" alt=\"\" class=\"wp-image-3181\" srcset=\"https:\/\/eic.cefet-rj.br\/meninasnarobotica\/wp-content\/uploads\/2025\/11\/WhatsApp-Image-2025-11-02-at-15.37.19-1-edited.jpeg 1204w, https:\/\/eic.cefet-rj.br\/meninasnarobotica\/wp-content\/uploads\/2025\/11\/WhatsApp-Image-2025-11-02-at-15.37.19-1-edited-300x300.jpeg 300w, https:\/\/eic.cefet-rj.br\/meninasnarobotica\/wp-content\/uploads\/2025\/11\/WhatsApp-Image-2025-11-02-at-15.37.19-1-edited-1024x1024.jpeg 1024w, https:\/\/eic.cefet-rj.br\/meninasnarobotica\/wp-content\/uploads\/2025\/11\/WhatsApp-Image-2025-11-02-at-15.37.19-1-edited-150x150.jpeg 150w, https:\/\/eic.cefet-rj.br\/meninasnarobotica\/wp-content\/uploads\/2025\/11\/WhatsApp-Image-2025-11-02-at-15.37.19-1-edited-768x769.jpeg 768w\" sizes=\"auto, (max-width: 1204px) 100vw, 1204px\" \/><\/figure>\n<\/div>\n<\/div>\n\n\n\n<p>No dia <strong>13 de novembro de 2025<\/strong>, foi realizada a oficina para a montagem do <strong>Miniprojeto 5 \u2013 Ventilador<\/strong>, na <strong>E.M. J\u00falio Rabello Guimar\u00e3es<\/strong>.<\/p>\n\n\n\n<p>A atividade contou com a participa\u00e7\u00e3o de <strong>10 alunos<\/strong>, que puderam aprender sobre o funcionamento e a montagem do ventilador, explorando conceitos de eletr\u00f4nica e programa\u00e7\u00e3o de forma pr\u00e1tica e divertida.<\/p>\n\n\n\n<p>O encontro refor\u00e7a o compromisso do projeto em <strong>promover a educa\u00e7\u00e3o tecnol\u00f3gica e a inclus\u00e3o<\/strong>, despertando o interesse dos estudantes pelo universo da <strong>ci\u00eancia, tecnologia e inova\u00e7\u00e3o<\/strong>. \ud83d\udc9c\ud83e\udd16<\/p>\n\n\n\n<div class=\"wp-block-columns is-layout-flex wp-container-core-columns-is-layout-9d6595d7 wp-block-columns-is-layout-flex\">\n<div class=\"wp-block-column is-layout-flow wp-block-column-is-layout-flow\">\n<figure class=\"wp-block-image size-large\"><img loading=\"lazy\" decoding=\"async\" width=\"1024\" height=\"534\" src=\"https:\/\/eic.cefet-rj.br\/meninasnarobotica\/wp-content\/uploads\/2025\/09\/WhatsApp-Image-2025-11-13-at-10.00.46-1-1024x534.jpeg\" alt=\"\" class=\"wp-image-3313\" srcset=\"https:\/\/eic.cefet-rj.br\/meninasnarobotica\/wp-content\/uploads\/2025\/09\/WhatsApp-Image-2025-11-13-at-10.00.46-1-1024x534.jpeg 1024w, https:\/\/eic.cefet-rj.br\/meninasnarobotica\/wp-content\/uploads\/2025\/09\/WhatsApp-Image-2025-11-13-at-10.00.46-1-300x156.jpeg 300w, https:\/\/eic.cefet-rj.br\/meninasnarobotica\/wp-content\/uploads\/2025\/09\/WhatsApp-Image-2025-11-13-at-10.00.46-1-768x400.jpeg 768w, https:\/\/eic.cefet-rj.br\/meninasnarobotica\/wp-content\/uploads\/2025\/09\/WhatsApp-Image-2025-11-13-at-10.00.46-1-1536x801.jpeg 1536w, https:\/\/eic.cefet-rj.br\/meninasnarobotica\/wp-content\/uploads\/2025\/09\/WhatsApp-Image-2025-11-13-at-10.00.46-1.jpeg 1600w\" sizes=\"auto, (max-width: 1024px) 100vw, 1024px\" \/><\/figure>\n<\/div>\n<\/div>\n\n\n\n<div class=\"wp-block-columns is-layout-flex wp-container-core-columns-is-layout-9d6595d7 wp-block-columns-is-layout-flex\">\n<div class=\"wp-block-column is-layout-flow wp-block-column-is-layout-flow\">\n<figure class=\"wp-block-image size-large\"><img loading=\"lazy\" decoding=\"async\" width=\"1204\" height=\"1205\" src=\"https:\/\/eic.cefet-rj.br\/meninasnarobotica\/wp-content\/uploads\/2025\/11\/WhatsApp-Image-2025-11-13-at-10.00.47-2-edited.jpeg\" alt=\"\" class=\"wp-image-3317\" srcset=\"https:\/\/eic.cefet-rj.br\/meninasnarobotica\/wp-content\/uploads\/2025\/11\/WhatsApp-Image-2025-11-13-at-10.00.47-2-edited.jpeg 1204w, https:\/\/eic.cefet-rj.br\/meninasnarobotica\/wp-content\/uploads\/2025\/11\/WhatsApp-Image-2025-11-13-at-10.00.47-2-edited-300x300.jpeg 300w, https:\/\/eic.cefet-rj.br\/meninasnarobotica\/wp-content\/uploads\/2025\/11\/WhatsApp-Image-2025-11-13-at-10.00.47-2-edited-1024x1024.jpeg 1024w, https:\/\/eic.cefet-rj.br\/meninasnarobotica\/wp-content\/uploads\/2025\/11\/WhatsApp-Image-2025-11-13-at-10.00.47-2-edited-150x150.jpeg 150w, https:\/\/eic.cefet-rj.br\/meninasnarobotica\/wp-content\/uploads\/2025\/11\/WhatsApp-Image-2025-11-13-at-10.00.47-2-edited-768x769.jpeg 768w\" sizes=\"auto, (max-width: 1204px) 100vw, 1204px\" \/><\/figure>\n<\/div>\n\n\n\n<div class=\"wp-block-column is-layout-flow wp-block-column-is-layout-flow\">\n<figure class=\"wp-block-image size-large\"><img loading=\"lazy\" decoding=\"async\" width=\"1204\" height=\"1205\" src=\"https:\/\/eic.cefet-rj.br\/meninasnarobotica\/wp-content\/uploads\/2025\/11\/WhatsApp-Image-2025-11-13-at-10.00.47-1-1-edited.jpeg\" alt=\"\" class=\"wp-image-3318\" srcset=\"https:\/\/eic.cefet-rj.br\/meninasnarobotica\/wp-content\/uploads\/2025\/11\/WhatsApp-Image-2025-11-13-at-10.00.47-1-1-edited.jpeg 1204w, https:\/\/eic.cefet-rj.br\/meninasnarobotica\/wp-content\/uploads\/2025\/11\/WhatsApp-Image-2025-11-13-at-10.00.47-1-1-edited-300x300.jpeg 300w, https:\/\/eic.cefet-rj.br\/meninasnarobotica\/wp-content\/uploads\/2025\/11\/WhatsApp-Image-2025-11-13-at-10.00.47-1-1-edited-1024x1024.jpeg 1024w, https:\/\/eic.cefet-rj.br\/meninasnarobotica\/wp-content\/uploads\/2025\/11\/WhatsApp-Image-2025-11-13-at-10.00.47-1-1-edited-150x150.jpeg 150w, https:\/\/eic.cefet-rj.br\/meninasnarobotica\/wp-content\/uploads\/2025\/11\/WhatsApp-Image-2025-11-13-at-10.00.47-1-1-edited-768x769.jpeg 768w\" sizes=\"auto, (max-width: 1204px) 100vw, 1204px\" \/><\/figure>\n<\/div>\n\n\n\n<div class=\"wp-block-column is-layout-flow wp-block-column-is-layout-flow\">\n<figure class=\"wp-block-image size-large\"><img loading=\"lazy\" decoding=\"async\" width=\"1204\" height=\"1205\" src=\"https:\/\/eic.cefet-rj.br\/meninasnarobotica\/wp-content\/uploads\/2025\/11\/WhatsApp-Image-2025-11-13-at-10.00.48-edited.jpeg\" alt=\"\" class=\"wp-image-3319\" srcset=\"https:\/\/eic.cefet-rj.br\/meninasnarobotica\/wp-content\/uploads\/2025\/11\/WhatsApp-Image-2025-11-13-at-10.00.48-edited.jpeg 1204w, https:\/\/eic.cefet-rj.br\/meninasnarobotica\/wp-content\/uploads\/2025\/11\/WhatsApp-Image-2025-11-13-at-10.00.48-edited-300x300.jpeg 300w, https:\/\/eic.cefet-rj.br\/meninasnarobotica\/wp-content\/uploads\/2025\/11\/WhatsApp-Image-2025-11-13-at-10.00.48-edited-1024x1024.jpeg 1024w, https:\/\/eic.cefet-rj.br\/meninasnarobotica\/wp-content\/uploads\/2025\/11\/WhatsApp-Image-2025-11-13-at-10.00.48-edited-150x150.jpeg 150w, https:\/\/eic.cefet-rj.br\/meninasnarobotica\/wp-content\/uploads\/2025\/11\/WhatsApp-Image-2025-11-13-at-10.00.48-edited-768x769.jpeg 768w\" sizes=\"auto, (max-width: 1204px) 100vw, 1204px\" \/><\/figure>\n<\/div>\n<\/div>\n\n\n\n<p>No dia 02\/12\/2025,os alunos realizaram a montagens dos miniprojetos Carrinho Bluetooth e Carrinho Ultrass\u00f4nico, contando com a participa\u00e7\u00e3o de 8 alunos.<\/p>\n\n\n\n<p>Durante o encontro, os estudantes exploraram conceitos de eletr\u00f4nica, sensores, programa\u00e7\u00e3o e controle, montando e testando seus carrinhos na pr\u00e1tica. A atividade promoveu autonomia, racioc\u00ednio l\u00f3gico e muita curiosidade, permitindo que os alunos compreendessem como a tecnologia pode ser aplicada no dia a dia.<\/p>\n\n\n\n<div class=\"wp-block-columns is-layout-flex wp-container-core-columns-is-layout-9d6595d7 wp-block-columns-is-layout-flex\">\n<div class=\"wp-block-column is-layout-flow wp-block-column-is-layout-flow\">\n<figure class=\"wp-block-image size-full is-resized\"><img loading=\"lazy\" decoding=\"async\" width=\"488\" height=\"488\" src=\"https:\/\/eic.cefet-rj.br\/meninasnarobotica\/wp-content\/uploads\/2025\/12\/image-116-edited.png\" alt=\"\" class=\"wp-image-3546\" style=\"width:390px;height:auto\" srcset=\"https:\/\/eic.cefet-rj.br\/meninasnarobotica\/wp-content\/uploads\/2025\/12\/image-116-edited.png 488w, https:\/\/eic.cefet-rj.br\/meninasnarobotica\/wp-content\/uploads\/2025\/12\/image-116-edited-300x300.png 300w, https:\/\/eic.cefet-rj.br\/meninasnarobotica\/wp-content\/uploads\/2025\/12\/image-116-edited-150x150.png 150w\" sizes=\"auto, (max-width: 488px) 100vw, 488px\" \/><\/figure>\n<\/div>\n\n\n\n<div class=\"wp-block-column is-layout-flow wp-block-column-is-layout-flow\">\n<figure class=\"wp-block-image size-full\"><img loading=\"lazy\" decoding=\"async\" width=\"391\" height=\"391\" src=\"https:\/\/eic.cefet-rj.br\/meninasnarobotica\/wp-content\/uploads\/2025\/12\/image-117-edited.png\" alt=\"\" class=\"wp-image-3547\" srcset=\"https:\/\/eic.cefet-rj.br\/meninasnarobotica\/wp-content\/uploads\/2025\/12\/image-117-edited.png 391w, https:\/\/eic.cefet-rj.br\/meninasnarobotica\/wp-content\/uploads\/2025\/12\/image-117-edited-300x300.png 300w, https:\/\/eic.cefet-rj.br\/meninasnarobotica\/wp-content\/uploads\/2025\/12\/image-117-edited-150x150.png 150w\" sizes=\"auto, (max-width: 391px) 100vw, 391px\" \/><\/figure>\n<\/div>\n<\/div>\n\n\n\n<div class=\"wp-block-columns is-layout-flex wp-container-core-columns-is-layout-9d6595d7 wp-block-columns-is-layout-flex\">\n<div class=\"wp-block-column is-layout-flow wp-block-column-is-layout-flow\">\n<figure class=\"wp-block-image size-full\"><img loading=\"lazy\" decoding=\"async\" width=\"445\" height=\"250\" src=\"https:\/\/eic.cefet-rj.br\/meninasnarobotica\/wp-content\/uploads\/2025\/12\/image-118-edited-2.png\" alt=\"\" class=\"wp-image-3552\" srcset=\"https:\/\/eic.cefet-rj.br\/meninasnarobotica\/wp-content\/uploads\/2025\/12\/image-118-edited-2.png 445w, https:\/\/eic.cefet-rj.br\/meninasnarobotica\/wp-content\/uploads\/2025\/12\/image-118-edited-2-300x169.png 300w\" sizes=\"auto, (max-width: 445px) 100vw, 445px\" \/><\/figure>\n<\/div>\n\n\n\n<div class=\"wp-block-column is-layout-flow wp-block-column-is-layout-flow\">\n<figure class=\"wp-block-image size-full\"><img loading=\"lazy\" decoding=\"async\" width=\"931\" height=\"524\" src=\"https:\/\/eic.cefet-rj.br\/meninasnarobotica\/wp-content\/uploads\/2025\/12\/image-119-edited.png\" alt=\"\" class=\"wp-image-3553\" srcset=\"https:\/\/eic.cefet-rj.br\/meninasnarobotica\/wp-content\/uploads\/2025\/12\/image-119-edited.png 931w, https:\/\/eic.cefet-rj.br\/meninasnarobotica\/wp-content\/uploads\/2025\/12\/image-119-edited-300x169.png 300w, https:\/\/eic.cefet-rj.br\/meninasnarobotica\/wp-content\/uploads\/2025\/12\/image-119-edited-768x432.png 768w\" sizes=\"auto, (max-width: 931px) 100vw, 931px\" \/><\/figure>\n<\/div>\n<\/div>\n\n\n\n<p>No dia 04\/12\/2025, realizamos na E.M. J\u00falio Rabello Guimar\u00e3es o miniprojeto de Lixeira Ultrass\u00f4nica, com a participa\u00e7\u00e3o de 11 alunos.<br>Durante a atividade, os estudantes aprenderam sobre sensores ultrass\u00f4nicos, funcionamento autom\u00e1tico de sistemas e aplica\u00e7\u00f5es pr\u00e1ticas da rob\u00f3tica no dia a dia, montando e testando seu pr\u00f3prio prot\u00f3tipo.<\/p>\n\n\n\n<p>O encontro foi marcado por muito interesse, colabora\u00e7\u00e3o e entusiasmo por parte dos alunos.<br>Ao final, tivemos uma confraterniza\u00e7\u00e3o especial, celebrando o aprendizado, o empenho de todos e o encerramento de mais um ciclo de atividades.<\/p>\n\n\n\n<div class=\"wp-block-columns is-layout-flex wp-container-core-columns-is-layout-9d6595d7 wp-block-columns-is-layout-flex\">\n<div class=\"wp-block-column is-layout-flow wp-block-column-is-layout-flow\">\n<figure class=\"wp-block-image size-full\"><img loading=\"lazy\" decoding=\"async\" width=\"524\" height=\"349\" src=\"https:\/\/eic.cefet-rj.br\/meninasnarobotica\/wp-content\/uploads\/2025\/12\/image-123-edited-1.png\" alt=\"\" class=\"wp-image-3566\" srcset=\"https:\/\/eic.cefet-rj.br\/meninasnarobotica\/wp-content\/uploads\/2025\/12\/image-123-edited-1.png 524w, https:\/\/eic.cefet-rj.br\/meninasnarobotica\/wp-content\/uploads\/2025\/12\/image-123-edited-1-300x200.png 300w\" sizes=\"auto, (max-width: 524px) 100vw, 524px\" \/><\/figure>\n<\/div>\n\n\n\n<div class=\"wp-block-column is-layout-flow wp-block-column-is-layout-flow\">\n<figure class=\"wp-block-image size-full\"><img loading=\"lazy\" decoding=\"async\" width=\"519\" height=\"346\" src=\"https:\/\/eic.cefet-rj.br\/meninasnarobotica\/wp-content\/uploads\/2025\/12\/image-122-edited-1.png\" alt=\"\" class=\"wp-image-3565\" srcset=\"https:\/\/eic.cefet-rj.br\/meninasnarobotica\/wp-content\/uploads\/2025\/12\/image-122-edited-1.png 519w, https:\/\/eic.cefet-rj.br\/meninasnarobotica\/wp-content\/uploads\/2025\/12\/image-122-edited-1-300x200.png 300w\" sizes=\"auto, (max-width: 519px) 100vw, 519px\" \/><\/figure>\n<\/div>\n<\/div>\n\n\n\n<div class=\"wp-block-columns is-layout-flex wp-container-core-columns-is-layout-9d6595d7 wp-block-columns-is-layout-flex\">\n<div class=\"wp-block-column is-layout-flow wp-block-column-is-layout-flow\">\n<figure class=\"wp-block-image size-full\"><img loading=\"lazy\" decoding=\"async\" width=\"516\" height=\"334\" src=\"https:\/\/eic.cefet-rj.br\/meninasnarobotica\/wp-content\/uploads\/2025\/09\/image-125.png\" alt=\"\" class=\"wp-image-3567\" srcset=\"https:\/\/eic.cefet-rj.br\/meninasnarobotica\/wp-content\/uploads\/2025\/09\/image-125.png 516w, https:\/\/eic.cefet-rj.br\/meninasnarobotica\/wp-content\/uploads\/2025\/09\/image-125-300x194.png 300w\" sizes=\"auto, (max-width: 516px) 100vw, 516px\" \/><\/figure>\n<\/div>\n\n\n\n<div class=\"wp-block-column is-layout-flow wp-block-column-is-layout-flow\">\n<figure class=\"wp-block-image size-full is-resized\"><img loading=\"lazy\" decoding=\"async\" width=\"801\" height=\"534\" src=\"https:\/\/eic.cefet-rj.br\/meninasnarobotica\/wp-content\/uploads\/2025\/12\/image-124-edited.png\" alt=\"\" class=\"wp-image-3564\" style=\"aspect-ratio:1.5001160362032955;width:393px;height:auto\" srcset=\"https:\/\/eic.cefet-rj.br\/meninasnarobotica\/wp-content\/uploads\/2025\/12\/image-124-edited.png 801w, https:\/\/eic.cefet-rj.br\/meninasnarobotica\/wp-content\/uploads\/2025\/12\/image-124-edited-300x200.png 300w, https:\/\/eic.cefet-rj.br\/meninasnarobotica\/wp-content\/uploads\/2025\/12\/image-124-edited-768x512.png 768w\" sizes=\"auto, (max-width: 801px) 100vw, 801px\" \/><\/figure>\n<\/div>\n<\/div>\n","protected":false},"excerpt":{"rendered":"<p>No dia 25 de setembro de 2025, foi realizado a oficina para a montagem do Miniprojeto 1 \u2013 Copo de flores. A atividade contou com a participa\u00e7\u00e3o de 11 alunos e cada estudante p\u00f4de desenvolver seu pr\u00f3prio miniprojeto, estimulando a criatividade e o interesse pela rob\u00f3tica. O encontro refor\u00e7a o compromisso do projeto em promover [&hellip;]<\/p>\n","protected":false},"author":5,"featured_media":2948,"comment_status":"open","ping_status":"open","sticky":false,"template":"","format":"standard","meta":{"footnotes":""},"categories":[20,41],"tags":[],"class_list":["post-2907","post","type-post","status-publish","format-standard","has-post-thumbnail","hentry","category-atividades-nas-escolas","category-em-julio-rabello-guimaraes"],"_links":{"self":[{"href":"https:\/\/eic.cefet-rj.br\/meninasnarobotica\/index.php\/wp-json\/wp\/v2\/posts\/2907","targetHints":{"allow":["GET"]}}],"collection":[{"href":"https:\/\/eic.cefet-rj.br\/meninasnarobotica\/index.php\/wp-json\/wp\/v2\/posts"}],"about":[{"href":"https:\/\/eic.cefet-rj.br\/meninasnarobotica\/index.php\/wp-json\/wp\/v2\/types\/post"}],"author":[{"embeddable":true,"href":"https:\/\/eic.cefet-rj.br\/meninasnarobotica\/index.php\/wp-json\/wp\/v2\/users\/5"}],"replies":[{"embeddable":true,"href":"https:\/\/eic.cefet-rj.br\/meninasnarobotica\/index.php\/wp-json\/wp\/v2\/comments?post=2907"}],"version-history":[{"count":10,"href":"https:\/\/eic.cefet-rj.br\/meninasnarobotica\/index.php\/wp-json\/wp\/v2\/posts\/2907\/revisions"}],"predecessor-version":[{"id":3568,"href":"https:\/\/eic.cefet-rj.br\/meninasnarobotica\/index.php\/wp-json\/wp\/v2\/posts\/2907\/revisions\/3568"}],"wp:featuredmedia":[{"embeddable":true,"href":"https:\/\/eic.cefet-rj.br\/meninasnarobotica\/index.php\/wp-json\/wp\/v2\/media\/2948"}],"wp:attachment":[{"href":"https:\/\/eic.cefet-rj.br\/meninasnarobotica\/index.php\/wp-json\/wp\/v2\/media?parent=2907"}],"wp:term":[{"taxonomy":"category","embeddable":true,"href":"https:\/\/eic.cefet-rj.br\/meninasnarobotica\/index.php\/wp-json\/wp\/v2\/categories?post=2907"},{"taxonomy":"post_tag","embeddable":true,"href":"https:\/\/eic.cefet-rj.br\/meninasnarobotica\/index.php\/wp-json\/wp\/v2\/tags?post=2907"}],"curies":[{"name":"wp","href":"https:\/\/api.w.org\/{rel}","templated":true}]}}