{"id":2537,"date":"2025-07-08T19:13:04","date_gmt":"2025-07-08T22:13:04","guid":{"rendered":"https:\/\/eic.cefet-rj.br\/meninasnarobotica\/?p=2537"},"modified":"2025-07-08T19:13:04","modified_gmt":"2025-07-08T22:13:04","slug":"encontro-de-capacitacao","status":"publish","type":"post","link":"https:\/\/eic.cefet-rj.br\/meninasnarobotica\/index.php\/2025\/07\/08\/encontro-de-capacitacao\/","title":{"rendered":"Encontro de Capacita\u00e7\u00e3o"},"content":{"rendered":"\n<p>No dia 05 de julho, das 8h \u00e0s 13h, vamos nos reunir no CEFET Nova Igua\u00e7u em um momento de troca e constru\u00e7\u00e3o coletiva de conhecimento em rob\u00f3tica! \ud83e\udd1d\u2728<\/p>\n\n\n\n<p>Uma manh\u00e3 inteira de atividades: miniprojetos incr\u00edveis, tour pela Bodetronic e palestra socioeducativa \u2014 esse encontro promete ser transformador!<\/p>\n\n\n\n<p>Voltado para professoras e alunas bolsistas das escolas participantes do&nbsp;projeto!&nbsp;\ud83d\udc9c\ud83e\udd16<\/p>\n\n\n\n<figure class=\"wp-block-image size-large\"><img loading=\"lazy\" decoding=\"async\" width=\"819\" height=\"1024\" src=\"https:\/\/eic.cefet-rj.br\/meninasnarobotica\/wp-content\/uploads\/2025\/07\/Imagem-do-WhatsApp-de-2025-07-08-as-18.54.11_61704d1f-819x1024.jpg\" alt=\"\" class=\"wp-image-2536\" srcset=\"https:\/\/eic.cefet-rj.br\/meninasnarobotica\/wp-content\/uploads\/2025\/07\/Imagem-do-WhatsApp-de-2025-07-08-as-18.54.11_61704d1f-819x1024.jpg 819w, https:\/\/eic.cefet-rj.br\/meninasnarobotica\/wp-content\/uploads\/2025\/07\/Imagem-do-WhatsApp-de-2025-07-08-as-18.54.11_61704d1f-240x300.jpg 240w, https:\/\/eic.cefet-rj.br\/meninasnarobotica\/wp-content\/uploads\/2025\/07\/Imagem-do-WhatsApp-de-2025-07-08-as-18.54.11_61704d1f-768x960.jpg 768w, https:\/\/eic.cefet-rj.br\/meninasnarobotica\/wp-content\/uploads\/2025\/07\/Imagem-do-WhatsApp-de-2025-07-08-as-18.54.11_61704d1f.jpg 1080w\" sizes=\"auto, (max-width: 819px) 100vw, 819px\" \/><\/figure>\n","protected":false},"excerpt":{"rendered":"<p>No dia 05 de julho, das 8h \u00e0s 13h, vamos nos reunir no CEFET Nova Igua\u00e7u em um momento de troca e constru\u00e7\u00e3o coletiva de conhecimento em rob\u00f3tica! \ud83e\udd1d\u2728 Uma manh\u00e3 inteira de atividades: miniprojetos incr\u00edveis, tour pela Bodetronic e palestra socioeducativa \u2014 esse encontro promete ser transformador! Voltado para professoras e alunas bolsistas das [&hellip;]<\/p>\n","protected":false},"author":5,"featured_media":2538,"comment_status":"open","ping_status":"open","sticky":false,"template":"","format":"standard","meta":{"footnotes":""},"categories":[8],"tags":[],"class_list":["post-2537","post","type-post","status-publish","format-standard","has-post-thumbnail","hentry","category-capacitacao"],"_links":{"self":[{"href":"https:\/\/eic.cefet-rj.br\/meninasnarobotica\/index.php\/wp-json\/wp\/v2\/posts\/2537","targetHints":{"allow":["GET"]}}],"collection":[{"href":"https:\/\/eic.cefet-rj.br\/meninasnarobotica\/index.php\/wp-json\/wp\/v2\/posts"}],"about":[{"href":"https:\/\/eic.cefet-rj.br\/meninasnarobotica\/index.php\/wp-json\/wp\/v2\/types\/post"}],"author":[{"embeddable":true,"href":"https:\/\/eic.cefet-rj.br\/meninasnarobotica\/index.php\/wp-json\/wp\/v2\/users\/5"}],"replies":[{"embeddable":true,"href":"https:\/\/eic.cefet-rj.br\/meninasnarobotica\/index.php\/wp-json\/wp\/v2\/comments?post=2537"}],"version-history":[{"count":1,"href":"https:\/\/eic.cefet-rj.br\/meninasnarobotica\/index.php\/wp-json\/wp\/v2\/posts\/2537\/revisions"}],"predecessor-version":[{"id":2539,"href":"https:\/\/eic.cefet-rj.br\/meninasnarobotica\/index.php\/wp-json\/wp\/v2\/posts\/2537\/revisions\/2539"}],"wp:featuredmedia":[{"embeddable":true,"href":"https:\/\/eic.cefet-rj.br\/meninasnarobotica\/index.php\/wp-json\/wp\/v2\/media\/2538"}],"wp:attachment":[{"href":"https:\/\/eic.cefet-rj.br\/meninasnarobotica\/index.php\/wp-json\/wp\/v2\/media?parent=2537"}],"wp:term":[{"taxonomy":"category","embeddable":true,"href":"https:\/\/eic.cefet-rj.br\/meninasnarobotica\/index.php\/wp-json\/wp\/v2\/categories?post=2537"},{"taxonomy":"post_tag","embeddable":true,"href":"https:\/\/eic.cefet-rj.br\/meninasnarobotica\/index.php\/wp-json\/wp\/v2\/tags?post=2537"}],"curies":[{"name":"wp","href":"https:\/\/api.w.org\/{rel}","templated":true}]}}